{"id":51517,"date":"2026-04-28T06:37:20","date_gmt":"2026-04-28T03:37:20","guid":{"rendered":"https:\/\/niemikoti.fi\/?p=51517"},"modified":"2026-04-28T07:10:33","modified_gmt":"2026-04-28T04:10:33","slug":"varfor-ordnas-ett-urvalstillfalle-i-samband-med-ansokan-till-utbildningen-for-erfarenhetsexperter","status":"publish","type":"post","link":"https:\/\/niemikoti.fi\/sv\/varfor-ordnas-ett-urvalstillfalle-i-samband-med-ansokan-till-utbildningen-for-erfarenhetsexperter\/","title":{"rendered":"Varf\u00f6r ordnas ett urvalstillf\u00e4lle i samband med ans\u00f6kan till utbildningen f\u00f6r erfarenhetsexperter?"},"content":{"rendered":"<style>.kb-row-layout-id51517_c22013-75 > .kt-row-column-wrap{align-content:center;}:where(.kb-row-layout-id51517_c22013-75 > .kt-row-column-wrap) > .wp-block-kadence-column{justify-content:center;}.kb-row-layout-id51517_c22013-75 > .kt-row-column-wrap{column-gap:var(--global-kb-gap-md, 2rem);row-gap:var(--global-kb-gap-md, 2rem);padding-top:var(--global-kb-spacing-sm, 1.5rem);padding-bottom:var(--global-kb-spacing-sm, 1.5rem);grid-template-columns:repeat(2, minmax(0, 1fr));}.kb-row-layout-id51517_c22013-75 > .kt-row-layout-overlay{opacity:0.30;}@media all and (max-width: 1024px){.kb-row-layout-id51517_c22013-75 > .kt-row-column-wrap{grid-template-columns:repeat(2, minmax(0, 1fr));}}@media all and (max-width: 767px){.kb-row-layout-id51517_c22013-75 > .kt-row-column-wrap{grid-template-columns:minmax(0, 1fr);}}<\/style><div class=\"kb-row-layout-wrap kb-row-layout-id51517_c22013-75 alignnone wp-block-kadence-rowlayout\"><div class=\"kt-row-column-wrap kt-has-2-columns kt-row-layout-equal kt-tab-layout-inherit kt-mobile-layout-row kt-row-valign-middle\">\n<style>.kadence-column51517_69b407-30 > .kt-inside-inner-col,.kadence-column51517_69b407-30 > .kt-inside-inner-col:before{border-top-left-radius:0px;border-top-right-radius:0px;border-bottom-right-radius:0px;border-bottom-left-radius:0px;}.kadence-column51517_69b407-30 > .kt-inside-inner-col{column-gap:var(--global-kb-gap-sm, 1rem);}.kadence-column51517_69b407-30 > .kt-inside-inner-col{flex-direction:column;}.kadence-column51517_69b407-30 > .kt-inside-inner-col > .aligncenter{width:100%;}.kadence-column51517_69b407-30 > .kt-inside-inner-col:before{opacity:0.3;}.kadence-column51517_69b407-30{position:relative;}@media all and (max-width: 1024px){.kadence-column51517_69b407-30 > .kt-inside-inner-col{flex-direction:column;justify-content:center;}}@media all and (max-width: 767px){.kadence-column51517_69b407-30 > .kt-inside-inner-col{flex-direction:column;justify-content:center;}}<\/style>\n<div class=\"wp-block-kadence-column kadence-column51517_69b407-30\"><div class=\"kt-inside-inner-col\">\n<p class=\"has-medium-font-size\">Vi vill skapa en s\u00e5 tidsm\u00e4ssigt l\u00e4mplig och m\u00e5ngsidig grupp som m\u00f6jligt till den \u00e5rliga utbildningen f\u00f6r erfarenhetsexperter. Gruppen best\u00e5r av tio deltagare. Gruppstorleken \u00e4r medvetet vald och baseras p\u00e5 gruppdynamik: i en grupp p\u00e5 cirka 10 personer fungerar b\u00e5de l\u00e4rande av varandra och interaktion effektivt. Dessutom st\u00e4ller utbildningslokalen egna krav p\u00e5 gruppens storlek.\u00a0<\/p>\n<\/div><\/div>\n\n\n<style>.kadence-column51517_e21c81-df > .kt-inside-inner-col,.kadence-column51517_e21c81-df > .kt-inside-inner-col:before{border-top-left-radius:0px;border-top-right-radius:0px;border-bottom-right-radius:0px;border-bottom-left-radius:0px;}.kadence-column51517_e21c81-df > .kt-inside-inner-col{column-gap:var(--global-kb-gap-sm, 1rem);}.kadence-column51517_e21c81-df > .kt-inside-inner-col{flex-direction:column;}.kadence-column51517_e21c81-df > .kt-inside-inner-col > .aligncenter{width:100%;}.kadence-column51517_e21c81-df > .kt-inside-inner-col:before{opacity:0.3;}.kadence-column51517_e21c81-df{position:relative;}@media all and (max-width: 1024px){.kadence-column51517_e21c81-df > .kt-inside-inner-col{flex-direction:column;justify-content:center;}}@media all and (max-width: 767px){.kadence-column51517_e21c81-df > .kt-inside-inner-col{flex-direction:column;justify-content:center;}}<\/style>\n<div class=\"wp-block-kadence-column kadence-column51517_e21c81-df\"><div class=\"kt-inside-inner-col\">\n<figure class=\"wp-block-image size-large\"><img loading=\"lazy\" decoding=\"async\" width=\"1024\" height=\"1024\" src=\"https:\/\/niemikoti.fi\/wp-content\/uploads\/2026\/04\/ryhmatyoAdobeStock_73638330-1024x1024.jpeg\" alt=\"Yhdeks\u00e4n henkil\u00f6\u00e4 ty\u00f6skentelee yhdess\u00e4 py\u00f6re\u00e4ll\u00e4 p\u00f6yd\u00e4ll\u00e4, jossa on v\u00e4rikk\u00e4it\u00e4 hammasrattaita.\" class=\"wp-image-51248\" srcset=\"https:\/\/niemikoti.fi\/wp-content\/uploads\/2026\/04\/ryhmatyoAdobeStock_73638330-1024x1024.jpeg 1024w, https:\/\/niemikoti.fi\/wp-content\/uploads\/2026\/04\/ryhmatyoAdobeStock_73638330-300x300.jpeg 300w, https:\/\/niemikoti.fi\/wp-content\/uploads\/2026\/04\/ryhmatyoAdobeStock_73638330-200x200.jpeg 200w, https:\/\/niemikoti.fi\/wp-content\/uploads\/2026\/04\/ryhmatyoAdobeStock_73638330-768x768.jpeg 768w, https:\/\/niemikoti.fi\/wp-content\/uploads\/2026\/04\/ryhmatyoAdobeStock_73638330-1536x1536.jpeg 1536w, https:\/\/niemikoti.fi\/wp-content\/uploads\/2026\/04\/ryhmatyoAdobeStock_73638330-2048x2048.jpeg 2048w, https:\/\/niemikoti.fi\/wp-content\/uploads\/2026\/04\/ryhmatyoAdobeStock_73638330-1320x1320.jpeg 1320w\" sizes=\"auto, (max-width: 1024px) 100vw, 1024px\" \/><\/figure>\n<\/div><\/div>\n\n<\/div><\/div>\n\n\n<p>Vi vill inte g\u00f6ra urval enbart baserat p\u00e5 ans\u00f6kningsblanketten, utan intervjuar alla s\u00f6kande personligen. Detta sker genom en <strong>gruppintervju<\/strong> p\u00e5 plats d\u00e4r varje s\u00f6kande f\u00e5r m\u00f6jlighet att presentera sig. Vi kartl\u00e4gger ocks\u00e5 samarbetsf\u00f6rm\u00e5ga genom gruppuppgifter, eftersom f\u00f6rm\u00e5gan att <strong>arbeta i grupp<\/strong> \u00e4r en viktig egenskap hos en erfarenhetsexpert\u2014en egenskap som b\u00e5de kan anv\u00e4ndas och utvecklas.<\/p>\n\n\n\n<p>En <strong>m\u00e5ngsidig grupp<\/strong> skapas av <strong>individer<\/strong> med olika bakgrunder och erfarenheter. Vi str\u00e4var efter r\u00e4tt timing genom att s\u00e4kerst\u00e4lla att den s\u00f6kande har <strong>tillr\u00e4cklig distans<\/strong> till sv\u00e5ra erfarenheter och kr\u00e4vande k\u00e4nslor, samt att personer som \u00e5terh\u00e4mtar sig fr\u00e5n beroendesjukdom har varit nyktra i minst ett \u00e5r.<\/p>\n\n\n\n<p>Under de senaste \u00e5ren har vi f\u00e5tt fler ans\u00f6kningar \u00e4n vi har utbildningsplatser. Om du inte blir antagen f\u00f6rsta g\u00e5ngen, <strong>uppmuntrar vi dig att s\u00f6ka igen<\/strong> \u2014 det visar uth\u00e5llighet och motivation.<\/p>\n\n\n\n<p><strong>Det \u00e4r ocks\u00e5 bra att komma ih\u00e5g att sj\u00e4lva ans\u00f6kningsprocessen, inklusive intervjuer, \u00e4r en del av processen att bli erfarenhetsexpert.<\/strong><\/p>\n\n\n<style>.kb-row-layout-id51517_2c8360-ca > .kt-row-column-wrap{align-content:start;}:where(.kb-row-layout-id51517_2c8360-ca > .kt-row-column-wrap) > .wp-block-kadence-column{justify-content:start;}.kb-row-layout-id51517_2c8360-ca > .kt-row-column-wrap{column-gap:var(--global-kb-gap-md, 2rem);row-gap:var(--global-kb-gap-md, 2rem);padding-top:var(--global-kb-spacing-sm, 1.5rem);padding-bottom:var(--global-kb-spacing-sm, 1.5rem);grid-template-columns:minmax(0, 1fr);}.kb-row-layout-id51517_2c8360-ca > .kt-row-layout-overlay{opacity:0.30;}@media all and (max-width: 1024px){.kb-row-layout-id51517_2c8360-ca > .kt-row-column-wrap{grid-template-columns:minmax(0, 1fr);}}@media all and (max-width: 767px){.kb-row-layout-id51517_2c8360-ca > .kt-row-column-wrap{grid-template-columns:minmax(0, 1fr);}}<\/style><div class=\"kb-row-layout-wrap kb-row-layout-id51517_2c8360-ca alignnone wp-block-kadence-rowlayout\"><div class=\"kt-row-column-wrap kt-has-1-columns kt-row-layout-equal kt-tab-layout-inherit kt-mobile-layout-row kt-row-valign-top\">\n<style>.kadence-column51517_490be4-71 > .kt-inside-inner-col{padding-top:var(--global-kb-spacing-md, 2rem);padding-right:var(--global-kb-spacing-md, 2rem);padding-bottom:var(--global-kb-spacing-md, 2rem);padding-left:var(--global-kb-spacing-md, 2rem);}.kadence-column51517_490be4-71 > .kt-inside-inner-col,.kadence-column51517_490be4-71 > .kt-inside-inner-col:before{border-top-left-radius:20px;border-top-right-radius:0px;border-bottom-right-radius:20px;border-bottom-left-radius:0px;}.kadence-column51517_490be4-71 > .kt-inside-inner-col{column-gap:var(--global-kb-gap-sm, 1rem);}.kadence-column51517_490be4-71 > .kt-inside-inner-col{flex-direction:column;}.kadence-column51517_490be4-71 > .kt-inside-inner-col > .aligncenter{width:100%;}.kadence-column51517_490be4-71 > .kt-inside-inner-col{background-color:rgba(217, 143, 49, 0.33);}.kadence-column51517_490be4-71 > .kt-inside-inner-col:before{opacity:0.3;}.kadence-column51517_490be4-71{position:relative;}@media all and (max-width: 1024px){.kadence-column51517_490be4-71 > .kt-inside-inner-col{flex-direction:column;justify-content:center;}}@media all and (max-width: 767px){.kadence-column51517_490be4-71 > .kt-inside-inner-col{flex-direction:column;justify-content:center;}}<\/style>\n<div class=\"wp-block-kadence-column kadence-column51517_490be4-71\"><div class=\"kt-inside-inner-col\">\n<h3 class=\"wp-block-heading has-medium-font-size\">Niemikotis\u00e4\u00e4ti\u00f6s erfarenhetsexperter<\/h3>\n\n\n\n<ul class=\"wp-block-list\">\n<li>utvecklar verksamheten i olika arbetsgrupper <\/li>\n\n\n\n<li>kan fungera som erfarenhetsutbildare <\/li>\n\n\n\n<li>fungerar som kamratst\u00f6d och handledare <\/li>\n\n\n\n<li>kan delta som experter vid evenemang<\/li>\n<\/ul>\n\n\n<style>.kb-row-layout-id51517_0240a5-53 > .kt-row-column-wrap{align-content:start;}:where(.kb-row-layout-id51517_0240a5-53 > .kt-row-column-wrap) > .wp-block-kadence-column{justify-content:start;}.kb-row-layout-id51517_0240a5-53 > .kt-row-column-wrap{column-gap:var(--global-kb-gap-md, 2rem);row-gap:var(--global-kb-gap-md, 2rem);padding-top:var(--global-kb-spacing-sm, 1.5rem);padding-bottom:var(--global-kb-spacing-sm, 1.5rem);grid-template-columns:minmax(0, calc(35% - ((var(--global-kb-gap-md, 2rem) * 1 )\/2)))minmax(0, calc(65% - ((var(--global-kb-gap-md, 2rem) * 1 )\/2)));}.kb-row-layout-id51517_0240a5-53 > .kt-row-layout-overlay{opacity:0.30;}@media all and (max-width: 1024px){.kb-row-layout-id51517_0240a5-53 > .kt-row-column-wrap{grid-template-columns:repeat(2, minmax(0, 1fr));}}@media all and (max-width: 767px){.kb-row-layout-id51517_0240a5-53 > .kt-row-column-wrap{grid-template-columns:minmax(0, 1fr);}}<\/style><div class=\"kb-row-layout-wrap kb-row-layout-id51517_0240a5-53 alignnone wp-block-kadence-rowlayout\"><div class=\"kt-row-column-wrap kt-has-2-columns kt-row-layout-equal kt-tab-layout-inherit kt-mobile-layout-row kt-row-valign-top\">\n<style>.kadence-column51517_07007a-59 > .kt-inside-inner-col,.kadence-column51517_07007a-59 > .kt-inside-inner-col:before{border-top-left-radius:0px;border-top-right-radius:0px;border-bottom-right-radius:0px;border-bottom-left-radius:0px;}.kadence-column51517_07007a-59 > .kt-inside-inner-col{column-gap:var(--global-kb-gap-sm, 1rem);}.kadence-column51517_07007a-59 > .kt-inside-inner-col{flex-direction:column;}.kadence-column51517_07007a-59 > .kt-inside-inner-col > .aligncenter{width:100%;}.kadence-column51517_07007a-59 > .kt-inside-inner-col:before{opacity:0.3;}.kadence-column51517_07007a-59{position:relative;}@media all and (max-width: 1024px){.kadence-column51517_07007a-59 > .kt-inside-inner-col{flex-direction:column;justify-content:center;}}@media all and (max-width: 767px){.kadence-column51517_07007a-59 > .kt-inside-inner-col{flex-direction:column;justify-content:center;}}<\/style>\n<div class=\"wp-block-kadence-column kadence-column51517_07007a-59\"><div class=\"kt-inside-inner-col\">\n<h4 class=\"wp-block-heading\">ERFARENHETSKOORDINERING<\/h4>\n\n\n\n<p>Sirpa Sinisalo<br><a href=\"mailto:sirpa.sinisalo@niemikoti.fi\">sirpa.sinisalo@niemikoti.fi<\/a><\/p>\n<\/div><\/div>\n\n\n<style>.kadence-column51517_d7b603-cc > .kt-inside-inner-col,.kadence-column51517_d7b603-cc > .kt-inside-inner-col:before{border-top-left-radius:0px;border-top-right-radius:0px;border-bottom-right-radius:0px;border-bottom-left-radius:0px;}.kadence-column51517_d7b603-cc > .kt-inside-inner-col{column-gap:var(--global-kb-gap-sm, 1rem);}.kadence-column51517_d7b603-cc > .kt-inside-inner-col{flex-direction:column;}.kadence-column51517_d7b603-cc > .kt-inside-inner-col > .aligncenter{width:100%;}.kadence-column51517_d7b603-cc > .kt-inside-inner-col:before{opacity:0.3;}.kadence-column51517_d7b603-cc{position:relative;}@media all and (max-width: 1024px){.kadence-column51517_d7b603-cc > .kt-inside-inner-col{flex-direction:column;justify-content:center;}}@media all and (max-width: 767px){.kadence-column51517_d7b603-cc > .kt-inside-inner-col{flex-direction:column;justify-content:center;}}<\/style>\n<div class=\"wp-block-kadence-column kadence-column51517_d7b603-cc\"><div class=\"kt-inside-inner-col\">\n<h4 class=\"wp-block-heading\">HANDLEDARE<\/h4>\n\n\n\n<p>Minna Tikka-Lapvetel\u00e4inen<br><a href=\"mailto:minna.tikka-lapvetelainen@niemikoti.fi\">minna.tikka-lapvetelainen@niemikoti.fi<\/a><br>Telefon 050 564 1727<\/p>\n<\/div><\/div>\n\n<\/div><\/div>\n\n<style>.wp-block-kadence-advancedheading.kt-adv-heading51517_bc34a0-c7, .wp-block-kadence-advancedheading.kt-adv-heading51517_bc34a0-c7[data-kb-block=\"kb-adv-heading51517_bc34a0-c7\"]{font-size:var(--global-kb-font-size-md, 1.25rem);font-style:normal;}.wp-block-kadence-advancedheading.kt-adv-heading51517_bc34a0-c7 mark.kt-highlight, .wp-block-kadence-advancedheading.kt-adv-heading51517_bc34a0-c7[data-kb-block=\"kb-adv-heading51517_bc34a0-c7\"] mark.kt-highlight{font-style:normal;color:#f76a0c;-webkit-box-decoration-break:clone;box-decoration-break:clone;padding-top:0px;padding-right:0px;padding-bottom:0px;padding-left:0px;}.wp-block-kadence-advancedheading.kt-adv-heading51517_bc34a0-c7 img.kb-inline-image, .wp-block-kadence-advancedheading.kt-adv-heading51517_bc34a0-c7[data-kb-block=\"kb-adv-heading51517_bc34a0-c7\"] img.kb-inline-image{width:150px;vertical-align:baseline;}<\/style>\n<h3 class=\"kt-adv-heading51517_bc34a0-c7 wp-block-kadence-advancedheading\" data-kb-block=\"kb-adv-heading51517_bc34a0-c7\">Ans\u00f6kan till utbildningen 2027 \u00f6ppnar h\u00f6sten 2026.<\/h3>\n\n\n\n<p>Vi informerar om ans\u00f6kan i avsnittet f\u00f6r erfarenhetsexperter.<br>L\u00e4s den uppdaterade guiden f\u00f6r erfarenhetsexperter av Aino S.<\/p>\n\n\n\n<p class=\"has-medium-font-size\"><strong>Observera: utbildningen ges f\u00f6r n\u00e4rvarande endast p\u00e5 finska, vilket inneb\u00e4r att kunskaper i finska \u00e4r ett krav f\u00f6r att bli antagen.<\/strong><\/p>\n<\/div><\/div>\n\n<\/div><\/div><div style=\"margin: 20px 0;\"><div class=\"qrcswholewtapper\" style=\"text-align:left;\"><div class=\"qrcprowrapper\"  id=\"qrcwraa2leds\"><div class=\"qrc_canvass\" id=\"qrc_cuttenpages_2\" style=\"display:none\" data-text=\"https:\/\/niemikoti.fi\/sv\/varfor-ordnas-ett-urvalstillfalle-i-samband-med-ansokan-till-utbildningen-for-erfarenhetsexperter\/\"><\/div><div><a download=\"Varf\u00f6r ordnas ett urvalstillf\u00e4lle i samband med ans\u00f6kan till utbildningen f\u00f6r erfarenhetsexperter?.png\" class=\"qrcdownloads\" id=\"worign\">\r\n           <button type=\"button\" style=\"min-width:200px;background:#c8fd8c;color:#000;font-weight: 600;border: 1px solid #dddddd;border-radius:4px;font-size:12px;padding: 6px 0;\" class=\"uqr_code_btn\">Lataa QR-koodi<\/button>\r\n           <\/a><\/div><\/div><\/div><\/div>","protected":false},"excerpt":{"rendered":"<p>Vi vill skapa en s\u00e5 tidsm\u00e4ssigt l\u00e4mplig och m\u00e5ngsidig grupp som m\u00f6jligt till den \u00e5rliga utbildningen f\u00f6r erfarenhetsexperter. Gruppen best\u00e5r av tio deltagare. Gruppstorleken \u00e4r medvetet vald och baseras p\u00e5 gruppdynamik: i en grupp p\u00e5 cirka 10 personer fungerar b\u00e5de l\u00e4rande av varandra och interaktion effektivt. Dessutom st\u00e4ller utbildningslokalen egna krav p\u00e5 gruppens storlek.\u00a0<\/p>\n","protected":false},"author":255,"featured_media":51516,"comment_status":"closed","ping_status":"open","sticky":false,"template":"","format":"standard","meta":{"_kad_blocks_custom_css":"","_kad_blocks_head_custom_js":"","_kad_blocks_body_custom_js":"","_kad_blocks_footer_custom_js":"","_kad_post_transparent":"","_kad_post_title":"","_kad_post_layout":"","_kad_post_sidebar_id":"","_kad_post_content_style":"","_kad_post_vertical_padding":"","_kad_post_feature":"","_kad_post_feature_position":"","_kad_post_header":false,"_kad_post_footer":false,"_kad_post_classname":"","cybocfi_hide_featured_image":"","footnotes":"","_links_to":"","_links_to_target":""},"categories":[736,837],"tags":[],"yksikkokategoria":[],"sisaltoluokka":[],"class_list":["post-51517","post","type-post","status-publish","format-standard","has-post-thumbnail","hentry","category-okategoriserad","category-erfarenhetsexperter-och-serviceanvandare"],"yoast_head":"<!-- This site is optimized with the Yoast SEO plugin v27.4 - https:\/\/yoast.com\/product\/yoast-seo-wordpress\/ -->\n<title>Varf\u00f6r ordnas ett urvalstillf\u00e4lle i samband med ans\u00f6kan till utbildningen f\u00f6r erfarenhetsexperter? - Niemikotis\u00e4\u00e4ti\u00f6<\/title>\n<meta name=\"robots\" content=\"index, follow, max-snippet:-1, max-image-preview:large, max-video-preview:-1\" \/>\n<link rel=\"canonical\" href=\"https:\/\/niemikoti.fi\/sv\/varfor-ordnas-ett-urvalstillfalle-i-samband-med-ansokan-till-utbildningen-for-erfarenhetsexperter\/\" \/>\n<meta property=\"og:locale\" content=\"sv_SE\" \/>\n<meta property=\"og:type\" content=\"article\" \/>\n<meta property=\"og:title\" content=\"Varf\u00f6r ordnas ett urvalstillf\u00e4lle i samband med ans\u00f6kan till utbildningen f\u00f6r erfarenhetsexperter? - Niemikotis\u00e4\u00e4ti\u00f6\" \/>\n<meta property=\"og:description\" content=\"Vi vill skapa en s\u00e5 tidsm\u00e4ssigt l\u00e4mplig och m\u00e5ngsidig grupp som m\u00f6jligt till den \u00e5rliga utbildningen f\u00f6r erfarenhetsexperter. Gruppen best\u00e5r av tio deltagare. Gruppstorleken \u00e4r medvetet vald och baseras p\u00e5 gruppdynamik: i en grupp p\u00e5 cirka 10 personer fungerar b\u00e5de l\u00e4rande av varandra och interaktion effektivt. Dessutom st\u00e4ller utbildningslokalen egna krav p\u00e5 gruppens storlek.\u00a0\" \/>\n<meta property=\"og:url\" content=\"https:\/\/niemikoti.fi\/sv\/varfor-ordnas-ett-urvalstillfalle-i-samband-med-ansokan-till-utbildningen-for-erfarenhetsexperter\/\" \/>\n<meta property=\"og:site_name\" content=\"Niemikotis\u00e4\u00e4ti\u00f6\" \/>\n<meta property=\"article:publisher\" content=\"https:\/\/www.facebook.com\/niemikoti\" \/>\n<meta property=\"article:published_time\" content=\"2026-04-28T03:37:20+00:00\" \/>\n<meta property=\"article:modified_time\" content=\"2026-04-28T04:10:33+00:00\" \/>\n<meta property=\"og:image\" content=\"https:\/\/niemikoti.fi\/wp-content\/uploads\/2026\/04\/ryhmatyoAdobeStock_73638330-scaled.jpeg\" \/>\n\t<meta property=\"og:image:width\" content=\"2560\" \/>\n\t<meta property=\"og:image:height\" content=\"2560\" \/>\n\t<meta property=\"og:image:type\" content=\"image\/jpeg\" \/>\n<meta name=\"author\" content=\"Sirpa Sinisalo\" \/>\n<meta name=\"twitter:card\" content=\"summary_large_image\" \/>\n<meta name=\"twitter:label1\" content=\"Skriven av\" \/>\n\t<meta name=\"twitter:data1\" content=\"Sirpa Sinisalo\" \/>\n\t<meta name=\"twitter:label2\" content=\"Ber\u00e4knad l\u00e4stid\" \/>\n\t<meta name=\"twitter:data2\" content=\"2 minut\" \/>\n<script type=\"application\/ld+json\" class=\"yoast-schema-graph\">{\"@context\":\"https:\\\/\\\/schema.org\",\"@graph\":[{\"@type\":\"Article\",\"@id\":\"https:\\\/\\\/niemikoti.fi\\\/sv\\\/varfor-ordnas-ett-urvalstillfalle-i-samband-med-ansokan-till-utbildningen-for-erfarenhetsexperter\\\/#article\",\"isPartOf\":{\"@id\":\"https:\\\/\\\/niemikoti.fi\\\/sv\\\/varfor-ordnas-ett-urvalstillfalle-i-samband-med-ansokan-till-utbildningen-for-erfarenhetsexperter\\\/\"},\"author\":{\"name\":\"Sirpa Sinisalo\",\"@id\":\"https:\\\/\\\/niemikoti.fi\\\/#\\\/schema\\\/person\\\/0b123df1d362fa37aaf142e137e1cbb3\"},\"headline\":\"Varf\u00f6r ordnas ett urvalstillf\u00e4lle i samband med ans\u00f6kan till utbildningen f\u00f6r erfarenhetsexperter?\",\"datePublished\":\"2026-04-28T03:37:20+00:00\",\"dateModified\":\"2026-04-28T04:10:33+00:00\",\"mainEntityOfPage\":{\"@id\":\"https:\\\/\\\/niemikoti.fi\\\/sv\\\/varfor-ordnas-ett-urvalstillfalle-i-samband-med-ansokan-till-utbildningen-for-erfarenhetsexperter\\\/\"},\"wordCount\":266,\"publisher\":{\"@id\":\"https:\\\/\\\/niemikoti.fi\\\/#organization\"},\"image\":{\"@id\":\"https:\\\/\\\/niemikoti.fi\\\/sv\\\/varfor-ordnas-ett-urvalstillfalle-i-samband-med-ansokan-till-utbildningen-for-erfarenhetsexperter\\\/#primaryimage\"},\"thumbnailUrl\":\"https:\\\/\\\/niemikoti.fi\\\/wp-content\\\/uploads\\\/2026\\\/04\\\/ryhmatyoAdobeStock_73638330-scaled.jpeg\",\"articleSection\":[\"Aktuellt\",\"Erfarenhetsexperter och serviceanv\u00e4ndare\"],\"inLanguage\":\"sv-SE\"},{\"@type\":\"WebPage\",\"@id\":\"https:\\\/\\\/niemikoti.fi\\\/sv\\\/varfor-ordnas-ett-urvalstillfalle-i-samband-med-ansokan-till-utbildningen-for-erfarenhetsexperter\\\/\",\"url\":\"https:\\\/\\\/niemikoti.fi\\\/sv\\\/varfor-ordnas-ett-urvalstillfalle-i-samband-med-ansokan-till-utbildningen-for-erfarenhetsexperter\\\/\",\"name\":\"Varf\u00f6r ordnas ett urvalstillf\u00e4lle i samband med ans\u00f6kan till utbildningen f\u00f6r erfarenhetsexperter? - Niemikotis\u00e4\u00e4ti\u00f6\",\"isPartOf\":{\"@id\":\"https:\\\/\\\/niemikoti.fi\\\/#website\"},\"primaryImageOfPage\":{\"@id\":\"https:\\\/\\\/niemikoti.fi\\\/sv\\\/varfor-ordnas-ett-urvalstillfalle-i-samband-med-ansokan-till-utbildningen-for-erfarenhetsexperter\\\/#primaryimage\"},\"image\":{\"@id\":\"https:\\\/\\\/niemikoti.fi\\\/sv\\\/varfor-ordnas-ett-urvalstillfalle-i-samband-med-ansokan-till-utbildningen-for-erfarenhetsexperter\\\/#primaryimage\"},\"thumbnailUrl\":\"https:\\\/\\\/niemikoti.fi\\\/wp-content\\\/uploads\\\/2026\\\/04\\\/ryhmatyoAdobeStock_73638330-scaled.jpeg\",\"datePublished\":\"2026-04-28T03:37:20+00:00\",\"dateModified\":\"2026-04-28T04:10:33+00:00\",\"breadcrumb\":{\"@id\":\"https:\\\/\\\/niemikoti.fi\\\/sv\\\/varfor-ordnas-ett-urvalstillfalle-i-samband-med-ansokan-till-utbildningen-for-erfarenhetsexperter\\\/#breadcrumb\"},\"inLanguage\":\"sv-SE\",\"potentialAction\":[{\"@type\":\"ReadAction\",\"target\":[\"https:\\\/\\\/niemikoti.fi\\\/sv\\\/varfor-ordnas-ett-urvalstillfalle-i-samband-med-ansokan-till-utbildningen-for-erfarenhetsexperter\\\/\"]}]},{\"@type\":\"ImageObject\",\"inLanguage\":\"sv-SE\",\"@id\":\"https:\\\/\\\/niemikoti.fi\\\/sv\\\/varfor-ordnas-ett-urvalstillfalle-i-samband-med-ansokan-till-utbildningen-for-erfarenhetsexperter\\\/#primaryimage\",\"url\":\"https:\\\/\\\/niemikoti.fi\\\/wp-content\\\/uploads\\\/2026\\\/04\\\/ryhmatyoAdobeStock_73638330-scaled.jpeg\",\"contentUrl\":\"https:\\\/\\\/niemikoti.fi\\\/wp-content\\\/uploads\\\/2026\\\/04\\\/ryhmatyoAdobeStock_73638330-scaled.jpeg\",\"width\":2560,\"height\":2560,\"caption\":\"Yhdeks\u00e4n henkil\u00f6\u00e4 ty\u00f6skentelee yhdess\u00e4 py\u00f6re\u00e4ll\u00e4 p\u00f6yd\u00e4ll\u00e4, jossa on v\u00e4rikk\u00e4it\u00e4 hammasrattaita.\"},{\"@type\":\"BreadcrumbList\",\"@id\":\"https:\\\/\\\/niemikoti.fi\\\/sv\\\/varfor-ordnas-ett-urvalstillfalle-i-samband-med-ansokan-till-utbildningen-for-erfarenhetsexperter\\\/#breadcrumb\",\"itemListElement\":[{\"@type\":\"ListItem\",\"position\":1,\"name\":\"Home\",\"item\":\"https:\\\/\\\/niemikoti.fi\\\/sv\\\/\"},{\"@type\":\"ListItem\",\"position\":2,\"name\":\"Varf\u00f6r ordnas ett urvalstillf\u00e4lle i samband med ans\u00f6kan till utbildningen f\u00f6r erfarenhetsexperter?\"}]},{\"@type\":\"WebSite\",\"@id\":\"https:\\\/\\\/niemikoti.fi\\\/#website\",\"url\":\"https:\\\/\\\/niemikoti.fi\\\/\",\"name\":\"Niemikotis\u00e4\u00e4ti\u00f6\",\"description\":\"Yhdess\u00e4 jo 40 vuotta\",\"publisher\":{\"@id\":\"https:\\\/\\\/niemikoti.fi\\\/#organization\"},\"potentialAction\":[{\"@type\":\"SearchAction\",\"target\":{\"@type\":\"EntryPoint\",\"urlTemplate\":\"https:\\\/\\\/niemikoti.fi\\\/?s={search_term_string}\"},\"query-input\":{\"@type\":\"PropertyValueSpecification\",\"valueRequired\":true,\"valueName\":\"search_term_string\"}}],\"inLanguage\":\"sv-SE\"},{\"@type\":\"Organization\",\"@id\":\"https:\\\/\\\/niemikoti.fi\\\/#organization\",\"name\":\"Niemikotis\u00e4\u00e4ti\u00f6\",\"url\":\"https:\\\/\\\/niemikoti.fi\\\/\",\"logo\":{\"@type\":\"ImageObject\",\"inLanguage\":\"sv-SE\",\"@id\":\"https:\\\/\\\/niemikoti.fi\\\/#\\\/schema\\\/logo\\\/image\\\/\",\"url\":\"https:\\\/\\\/niemikoti.fi\\\/wp-content\\\/uploads\\\/2023\\\/02\\\/niemikotilogo40v_vaaka.png\",\"contentUrl\":\"https:\\\/\\\/niemikoti.fi\\\/wp-content\\\/uploads\\\/2023\\\/02\\\/niemikotilogo40v_vaaka.png\",\"width\":1147,\"height\":418,\"caption\":\"Niemikotis\u00e4\u00e4ti\u00f6\"},\"image\":{\"@id\":\"https:\\\/\\\/niemikoti.fi\\\/#\\\/schema\\\/logo\\\/image\\\/\"},\"sameAs\":[\"https:\\\/\\\/www.facebook.com\\\/niemikoti\",\"https:\\\/\\\/www.instagram.com\\\/niemikoti\\\/\",\"https:\\\/\\\/www.youtube.com\\\/channel\\\/UCfo6l7q45CD_derGzEH8XGA\"]},{\"@type\":\"Person\",\"@id\":\"https:\\\/\\\/niemikoti.fi\\\/#\\\/schema\\\/person\\\/0b123df1d362fa37aaf142e137e1cbb3\",\"name\":\"Sirpa Sinisalo\",\"image\":{\"@type\":\"ImageObject\",\"inLanguage\":\"sv-SE\",\"@id\":\"https:\\\/\\\/secure.gravatar.com\\\/avatar\\\/dd55a6f34d479a62b742d306a50635f8fb75c14c6f37bdf511d35fcd426956e0?s=96&d=blank&r=g\",\"url\":\"https:\\\/\\\/secure.gravatar.com\\\/avatar\\\/dd55a6f34d479a62b742d306a50635f8fb75c14c6f37bdf511d35fcd426956e0?s=96&d=blank&r=g\",\"contentUrl\":\"https:\\\/\\\/secure.gravatar.com\\\/avatar\\\/dd55a6f34d479a62b742d306a50635f8fb75c14c6f37bdf511d35fcd426956e0?s=96&d=blank&r=g\",\"caption\":\"Sirpa Sinisalo\"},\"description\":\"Kokekoordinaattori ja -kouluttaja, joka kokee hy\u00f6tyneens\u00e4 niin suuresti Niemikotis\u00e4\u00e4ti\u00f6n ty\u00f6nohjauksesta, ett\u00e4 p\u00e4\u00e4tti itsekin opiskella ty\u00f6nohjaajaksi (valmistuu syksyll\u00e4 2026). Sirpa on pit\u00e4nyt my\u00f6s psykoedukaatioryhmi\u00e4 Haagassa ammattilaisen ty\u00f6parina. Kokemusasiantuntijuus on Sirpalle syd\u00e4men asia!\",\"url\":\"https:\\\/\\\/niemikoti.fi\\\/sv\\\/author\\\/sirpasinisalo\\\/\"}]}<\/script>\n<!-- \/ Yoast SEO plugin. -->","yoast_head_json":{"title":"Varf\u00f6r ordnas ett urvalstillf\u00e4lle i samband med ans\u00f6kan till utbildningen f\u00f6r erfarenhetsexperter? - Niemikotis\u00e4\u00e4ti\u00f6","robots":{"index":"index","follow":"follow","max-snippet":"max-snippet:-1","max-image-preview":"max-image-preview:large","max-video-preview":"max-video-preview:-1"},"canonical":"https:\/\/niemikoti.fi\/sv\/varfor-ordnas-ett-urvalstillfalle-i-samband-med-ansokan-till-utbildningen-for-erfarenhetsexperter\/","og_locale":"sv_SE","og_type":"article","og_title":"Varf\u00f6r ordnas ett urvalstillf\u00e4lle i samband med ans\u00f6kan till utbildningen f\u00f6r erfarenhetsexperter? - Niemikotis\u00e4\u00e4ti\u00f6","og_description":"Vi vill skapa en s\u00e5 tidsm\u00e4ssigt l\u00e4mplig och m\u00e5ngsidig grupp som m\u00f6jligt till den \u00e5rliga utbildningen f\u00f6r erfarenhetsexperter. Gruppen best\u00e5r av tio deltagare. Gruppstorleken \u00e4r medvetet vald och baseras p\u00e5 gruppdynamik: i en grupp p\u00e5 cirka 10 personer fungerar b\u00e5de l\u00e4rande av varandra och interaktion effektivt. Dessutom st\u00e4ller utbildningslokalen egna krav p\u00e5 gruppens storlek.\u00a0","og_url":"https:\/\/niemikoti.fi\/sv\/varfor-ordnas-ett-urvalstillfalle-i-samband-med-ansokan-till-utbildningen-for-erfarenhetsexperter\/","og_site_name":"Niemikotis\u00e4\u00e4ti\u00f6","article_publisher":"https:\/\/www.facebook.com\/niemikoti","article_published_time":"2026-04-28T03:37:20+00:00","article_modified_time":"2026-04-28T04:10:33+00:00","og_image":[{"width":2560,"height":2560,"url":"https:\/\/niemikoti.fi\/wp-content\/uploads\/2026\/04\/ryhmatyoAdobeStock_73638330-scaled.jpeg","type":"image\/jpeg"}],"author":"Sirpa Sinisalo","twitter_card":"summary_large_image","twitter_misc":{"Skriven av":"Sirpa Sinisalo","Ber\u00e4knad l\u00e4stid":"2 minut"},"schema":{"@context":"https:\/\/schema.org","@graph":[{"@type":"Article","@id":"https:\/\/niemikoti.fi\/sv\/varfor-ordnas-ett-urvalstillfalle-i-samband-med-ansokan-till-utbildningen-for-erfarenhetsexperter\/#article","isPartOf":{"@id":"https:\/\/niemikoti.fi\/sv\/varfor-ordnas-ett-urvalstillfalle-i-samband-med-ansokan-till-utbildningen-for-erfarenhetsexperter\/"},"author":{"name":"Sirpa Sinisalo","@id":"https:\/\/niemikoti.fi\/#\/schema\/person\/0b123df1d362fa37aaf142e137e1cbb3"},"headline":"Varf\u00f6r ordnas ett urvalstillf\u00e4lle i samband med ans\u00f6kan till utbildningen f\u00f6r erfarenhetsexperter?","datePublished":"2026-04-28T03:37:20+00:00","dateModified":"2026-04-28T04:10:33+00:00","mainEntityOfPage":{"@id":"https:\/\/niemikoti.fi\/sv\/varfor-ordnas-ett-urvalstillfalle-i-samband-med-ansokan-till-utbildningen-for-erfarenhetsexperter\/"},"wordCount":266,"publisher":{"@id":"https:\/\/niemikoti.fi\/#organization"},"image":{"@id":"https:\/\/niemikoti.fi\/sv\/varfor-ordnas-ett-urvalstillfalle-i-samband-med-ansokan-till-utbildningen-for-erfarenhetsexperter\/#primaryimage"},"thumbnailUrl":"https:\/\/niemikoti.fi\/wp-content\/uploads\/2026\/04\/ryhmatyoAdobeStock_73638330-scaled.jpeg","articleSection":["Aktuellt","Erfarenhetsexperter och serviceanv\u00e4ndare"],"inLanguage":"sv-SE"},{"@type":"WebPage","@id":"https:\/\/niemikoti.fi\/sv\/varfor-ordnas-ett-urvalstillfalle-i-samband-med-ansokan-till-utbildningen-for-erfarenhetsexperter\/","url":"https:\/\/niemikoti.fi\/sv\/varfor-ordnas-ett-urvalstillfalle-i-samband-med-ansokan-till-utbildningen-for-erfarenhetsexperter\/","name":"Varf\u00f6r ordnas ett urvalstillf\u00e4lle i samband med ans\u00f6kan till utbildningen f\u00f6r erfarenhetsexperter? - Niemikotis\u00e4\u00e4ti\u00f6","isPartOf":{"@id":"https:\/\/niemikoti.fi\/#website"},"primaryImageOfPage":{"@id":"https:\/\/niemikoti.fi\/sv\/varfor-ordnas-ett-urvalstillfalle-i-samband-med-ansokan-till-utbildningen-for-erfarenhetsexperter\/#primaryimage"},"image":{"@id":"https:\/\/niemikoti.fi\/sv\/varfor-ordnas-ett-urvalstillfalle-i-samband-med-ansokan-till-utbildningen-for-erfarenhetsexperter\/#primaryimage"},"thumbnailUrl":"https:\/\/niemikoti.fi\/wp-content\/uploads\/2026\/04\/ryhmatyoAdobeStock_73638330-scaled.jpeg","datePublished":"2026-04-28T03:37:20+00:00","dateModified":"2026-04-28T04:10:33+00:00","breadcrumb":{"@id":"https:\/\/niemikoti.fi\/sv\/varfor-ordnas-ett-urvalstillfalle-i-samband-med-ansokan-till-utbildningen-for-erfarenhetsexperter\/#breadcrumb"},"inLanguage":"sv-SE","potentialAction":[{"@type":"ReadAction","target":["https:\/\/niemikoti.fi\/sv\/varfor-ordnas-ett-urvalstillfalle-i-samband-med-ansokan-till-utbildningen-for-erfarenhetsexperter\/"]}]},{"@type":"ImageObject","inLanguage":"sv-SE","@id":"https:\/\/niemikoti.fi\/sv\/varfor-ordnas-ett-urvalstillfalle-i-samband-med-ansokan-till-utbildningen-for-erfarenhetsexperter\/#primaryimage","url":"https:\/\/niemikoti.fi\/wp-content\/uploads\/2026\/04\/ryhmatyoAdobeStock_73638330-scaled.jpeg","contentUrl":"https:\/\/niemikoti.fi\/wp-content\/uploads\/2026\/04\/ryhmatyoAdobeStock_73638330-scaled.jpeg","width":2560,"height":2560,"caption":"Yhdeks\u00e4n henkil\u00f6\u00e4 ty\u00f6skentelee yhdess\u00e4 py\u00f6re\u00e4ll\u00e4 p\u00f6yd\u00e4ll\u00e4, jossa on v\u00e4rikk\u00e4it\u00e4 hammasrattaita."},{"@type":"BreadcrumbList","@id":"https:\/\/niemikoti.fi\/sv\/varfor-ordnas-ett-urvalstillfalle-i-samband-med-ansokan-till-utbildningen-for-erfarenhetsexperter\/#breadcrumb","itemListElement":[{"@type":"ListItem","position":1,"name":"Home","item":"https:\/\/niemikoti.fi\/sv\/"},{"@type":"ListItem","position":2,"name":"Varf\u00f6r ordnas ett urvalstillf\u00e4lle i samband med ans\u00f6kan till utbildningen f\u00f6r erfarenhetsexperter?"}]},{"@type":"WebSite","@id":"https:\/\/niemikoti.fi\/#website","url":"https:\/\/niemikoti.fi\/","name":"Niemikotis\u00e4\u00e4ti\u00f6","description":"Yhdess\u00e4 jo 40 vuotta","publisher":{"@id":"https:\/\/niemikoti.fi\/#organization"},"potentialAction":[{"@type":"SearchAction","target":{"@type":"EntryPoint","urlTemplate":"https:\/\/niemikoti.fi\/?s={search_term_string}"},"query-input":{"@type":"PropertyValueSpecification","valueRequired":true,"valueName":"search_term_string"}}],"inLanguage":"sv-SE"},{"@type":"Organization","@id":"https:\/\/niemikoti.fi\/#organization","name":"Niemikotis\u00e4\u00e4ti\u00f6","url":"https:\/\/niemikoti.fi\/","logo":{"@type":"ImageObject","inLanguage":"sv-SE","@id":"https:\/\/niemikoti.fi\/#\/schema\/logo\/image\/","url":"https:\/\/niemikoti.fi\/wp-content\/uploads\/2023\/02\/niemikotilogo40v_vaaka.png","contentUrl":"https:\/\/niemikoti.fi\/wp-content\/uploads\/2023\/02\/niemikotilogo40v_vaaka.png","width":1147,"height":418,"caption":"Niemikotis\u00e4\u00e4ti\u00f6"},"image":{"@id":"https:\/\/niemikoti.fi\/#\/schema\/logo\/image\/"},"sameAs":["https:\/\/www.facebook.com\/niemikoti","https:\/\/www.instagram.com\/niemikoti\/","https:\/\/www.youtube.com\/channel\/UCfo6l7q45CD_derGzEH8XGA"]},{"@type":"Person","@id":"https:\/\/niemikoti.fi\/#\/schema\/person\/0b123df1d362fa37aaf142e137e1cbb3","name":"Sirpa Sinisalo","image":{"@type":"ImageObject","inLanguage":"sv-SE","@id":"https:\/\/secure.gravatar.com\/avatar\/dd55a6f34d479a62b742d306a50635f8fb75c14c6f37bdf511d35fcd426956e0?s=96&d=blank&r=g","url":"https:\/\/secure.gravatar.com\/avatar\/dd55a6f34d479a62b742d306a50635f8fb75c14c6f37bdf511d35fcd426956e0?s=96&d=blank&r=g","contentUrl":"https:\/\/secure.gravatar.com\/avatar\/dd55a6f34d479a62b742d306a50635f8fb75c14c6f37bdf511d35fcd426956e0?s=96&d=blank&r=g","caption":"Sirpa Sinisalo"},"description":"Kokekoordinaattori ja -kouluttaja, joka kokee hy\u00f6tyneens\u00e4 niin suuresti Niemikotis\u00e4\u00e4ti\u00f6n ty\u00f6nohjauksesta, ett\u00e4 p\u00e4\u00e4tti itsekin opiskella ty\u00f6nohjaajaksi (valmistuu syksyll\u00e4 2026). Sirpa on pit\u00e4nyt my\u00f6s psykoedukaatioryhmi\u00e4 Haagassa ammattilaisen ty\u00f6parina. Kokemusasiantuntijuus on Sirpalle syd\u00e4men asia!","url":"https:\/\/niemikoti.fi\/sv\/author\/sirpasinisalo\/"}]}},"taxonomy_info":{"category":[{"value":736,"label":"Aktuellt"},{"value":837,"label":"Erfarenhetsexperter och serviceanv\u00e4ndare"}]},"featured_image_src_large":["https:\/\/niemikoti.fi\/wp-content\/uploads\/2026\/04\/ryhmatyoAdobeStock_73638330-1024x1024.jpeg",1024,1024,true],"author_info":{"display_name":"Sirpa Sinisalo","author_link":"https:\/\/niemikoti.fi\/sv\/author\/sirpasinisalo\/"},"comment_info":0,"category_info":[{"term_id":736,"name":"Aktuellt","slug":"okategoriserad","term_group":0,"term_taxonomy_id":736,"taxonomy":"category","description":"","parent":0,"count":38,"filter":"raw","cat_ID":736,"category_count":38,"category_description":"","cat_name":"Aktuellt","category_nicename":"okategoriserad","category_parent":0},{"term_id":837,"name":"Erfarenhetsexperter och serviceanv\u00e4ndare","slug":"erfarenhetsexperter-och-serviceanvandare","term_group":0,"term_taxonomy_id":837,"taxonomy":"category","description":"","parent":0,"count":16,"filter":"raw","cat_ID":837,"category_count":16,"category_description":"","cat_name":"Erfarenhetsexperter och serviceanv\u00e4ndare","category_nicename":"erfarenhetsexperter-och-serviceanvandare","category_parent":0}],"tag_info":false,"_links":{"self":[{"href":"https:\/\/niemikoti.fi\/sv\/wp-json\/wp\/v2\/posts\/51517","targetHints":{"allow":["GET"]}}],"collection":[{"href":"https:\/\/niemikoti.fi\/sv\/wp-json\/wp\/v2\/posts"}],"about":[{"href":"https:\/\/niemikoti.fi\/sv\/wp-json\/wp\/v2\/types\/post"}],"author":[{"embeddable":true,"href":"https:\/\/niemikoti.fi\/sv\/wp-json\/wp\/v2\/users\/255"}],"replies":[{"embeddable":true,"href":"https:\/\/niemikoti.fi\/sv\/wp-json\/wp\/v2\/comments?post=51517"}],"version-history":[{"count":4,"href":"https:\/\/niemikoti.fi\/sv\/wp-json\/wp\/v2\/posts\/51517\/revisions"}],"predecessor-version":[{"id":51523,"href":"https:\/\/niemikoti.fi\/sv\/wp-json\/wp\/v2\/posts\/51517\/revisions\/51523"}],"wp:featuredmedia":[{"embeddable":true,"href":"https:\/\/niemikoti.fi\/sv\/wp-json\/wp\/v2\/media\/51516"}],"wp:attachment":[{"href":"https:\/\/niemikoti.fi\/sv\/wp-json\/wp\/v2\/media?parent=51517"}],"wp:term":[{"taxonomy":"category","embeddable":true,"href":"https:\/\/niemikoti.fi\/sv\/wp-json\/wp\/v2\/categories?post=51517"},{"taxonomy":"post_tag","embeddable":true,"href":"https:\/\/niemikoti.fi\/sv\/wp-json\/wp\/v2\/tags?post=51517"},{"taxonomy":"yksikkokategoria","embeddable":true,"href":"https:\/\/niemikoti.fi\/sv\/wp-json\/wp\/v2\/yksikkokategoria?post=51517"},{"taxonomy":"sisaltoluokka","embeddable":true,"href":"https:\/\/niemikoti.fi\/sv\/wp-json\/wp\/v2\/sisaltoluokka?post=51517"}],"curies":[{"name":"wp","href":"https:\/\/api.w.org\/{rel}","templated":true}]}}