{"id":50264,"date":"2026-02-09T08:08:07","date_gmt":"2026-02-09T06:08:07","guid":{"rendered":"https:\/\/niemikoti.fi\/?p=50264"},"modified":"2026-02-09T08:54:38","modified_gmt":"2026-02-09T06:54:38","slug":"dataskyddsarbetet-tog-ett-nytt-steg-framat-vid-niemikotisaatio-fran-14-poang-till-75","status":"publish","type":"post","link":"https:\/\/niemikoti.fi\/sv\/dataskyddsarbetet-tog-ett-nytt-steg-framat-vid-niemikotisaatio-fran-14-poang-till-75\/","title":{"rendered":"Dataskyddsarbetet tog ett nytt steg fram\u00e5t vid Niemikotis\u00e4\u00e4ti\u00f6 \u2013 fr\u00e5n 14 po\u00e4ng till 75"},"content":{"rendered":"<style>.kb-row-layout-id50264_e2420c-b9 > .kt-row-column-wrap{align-content:start;}:where(.kb-row-layout-id50264_e2420c-b9 > .kt-row-column-wrap) > .wp-block-kadence-column{justify-content:start;}.kb-row-layout-id50264_e2420c-b9 > .kt-row-column-wrap{column-gap:var(--global-kb-gap-md, 2rem);row-gap:var(--global-kb-gap-md, 2rem);padding-top:var(--global-kb-spacing-sm, 1.5rem);padding-bottom:var(--global-kb-spacing-sm, 1.5rem);grid-template-columns:repeat(2, minmax(0, 1fr));}.kb-row-layout-id50264_e2420c-b9 > .kt-row-layout-overlay{opacity:0.30;}@media all and (max-width: 1024px){.kb-row-layout-id50264_e2420c-b9 > .kt-row-column-wrap{grid-template-columns:repeat(2, minmax(0, 1fr));}}@media all and (max-width: 767px){.kb-row-layout-id50264_e2420c-b9 > .kt-row-column-wrap{grid-template-columns:minmax(0, 1fr);}}<\/style><div class=\"kb-row-layout-wrap kb-row-layout-id50264_e2420c-b9 alignnone wp-block-kadence-rowlayout\"><div class=\"kt-row-column-wrap kt-has-2-columns kt-row-layout-equal kt-tab-layout-inherit kt-mobile-layout-row kt-row-valign-top\">\n<style>.kadence-column50264_4908f1-69 > .kt-inside-inner-col,.kadence-column50264_4908f1-69 > .kt-inside-inner-col:before{border-top-left-radius:0px;border-top-right-radius:0px;border-bottom-right-radius:0px;border-bottom-left-radius:0px;}.kadence-column50264_4908f1-69 > .kt-inside-inner-col{column-gap:var(--global-kb-gap-sm, 1rem);}.kadence-column50264_4908f1-69 > .kt-inside-inner-col{flex-direction:column;}.kadence-column50264_4908f1-69 > .kt-inside-inner-col > .aligncenter{width:100%;}.kadence-column50264_4908f1-69 > .kt-inside-inner-col:before{opacity:0.3;}.kadence-column50264_4908f1-69{position:relative;}@media all and (max-width: 1024px){.kadence-column50264_4908f1-69 > .kt-inside-inner-col{flex-direction:column;justify-content:center;}}@media all and (max-width: 767px){.kadence-column50264_4908f1-69 > .kt-inside-inner-col{flex-direction:column;justify-content:center;}}<\/style>\n<div class=\"wp-block-kadence-column kadence-column50264_4908f1-69\"><div class=\"kt-inside-inner-col\">\n<p class=\"has-medium-font-size\">Under det senaste \u00e5ret har Niemikotis\u00e4\u00e4ti\u00f6 gjort ett m\u00e5lmedvetet lyft i utvecklingen av sitt dataskyddsarbete. Utg\u00e5ngsl\u00e4get var tydligt: i en extern bed\u00f6mning l\u00e5g dataskyddsniv\u00e5n p\u00e5 14 po\u00e4ng. I dag har po\u00e4ngen redan stigit till 75.<\/p>\n\n\n\n<p class=\"has-medium-font-size\"><strong>Niina Sahlberg<\/strong>, som har fungerat som dataskyddsombud, beskriver utg\u00e5ngsl\u00e4get enkelt: det fanns mycket att utveckla. N\u00e4r resultatet p\u00e5 14 po\u00e4ng blev k\u00e4nt inleddes arbetet systematiskt och steg f\u00f6r steg.<\/p>\n<\/div><\/div>\n\n\n<style>.kadence-column50264_8f966a-dd > .kt-inside-inner-col,.kadence-column50264_8f966a-dd > .kt-inside-inner-col:before{border-top-left-radius:0px;border-top-right-radius:0px;border-bottom-right-radius:0px;border-bottom-left-radius:0px;}.kadence-column50264_8f966a-dd > .kt-inside-inner-col{column-gap:var(--global-kb-gap-sm, 1rem);}.kadence-column50264_8f966a-dd > .kt-inside-inner-col{flex-direction:column;}.kadence-column50264_8f966a-dd > .kt-inside-inner-col > .aligncenter{width:100%;}.kadence-column50264_8f966a-dd > .kt-inside-inner-col:before{opacity:0.3;}.kadence-column50264_8f966a-dd{position:relative;}@media all and (max-width: 1024px){.kadence-column50264_8f966a-dd > .kt-inside-inner-col{flex-direction:column;justify-content:center;}}@media all and (max-width: 767px){.kadence-column50264_8f966a-dd > .kt-inside-inner-col{flex-direction:column;justify-content:center;}}<\/style>\n<div class=\"wp-block-kadence-column kadence-column50264_8f966a-dd\"><div class=\"kt-inside-inner-col\">\n<figure class=\"wp-block-image size-full\"><img loading=\"lazy\" decoding=\"async\" width=\"1024\" height=\"768\" src=\"https:\/\/niemikoti.fi\/wp-content\/uploads\/2026\/01\/image001.png\" alt=\"\" class=\"wp-image-50008\" srcset=\"https:\/\/niemikoti.fi\/wp-content\/uploads\/2026\/01\/image001.png 1024w, https:\/\/niemikoti.fi\/wp-content\/uploads\/2026\/01\/image001-300x225.png 300w, https:\/\/niemikoti.fi\/wp-content\/uploads\/2026\/01\/image001-768x576.png 768w\" sizes=\"auto, (max-width: 1024px) 100vw, 1024px\" \/><\/figure>\n<\/div><\/div>\n\n<\/div><\/div>\n\n\n<h2 class=\"wp-block-heading\">F\u00f6rsta iakttagelsen: dokumentation saknades<\/h2>\n\n\n\n<p>Redan i ett tidigt skede framtr\u00e4dde ett stort utvecklingsomr\u00e5de: bristen p\u00e5 dokumentation.<\/p>\n\n\n\n<p>\u2013 En enorm m\u00e4ngd dokumentation saknades, ber\u00e4ttar Niina.<\/p>\n\n\n\n<p>En stor del av dataskyddsarbetet \u00e4r \u201dosynligt\u201d, det vill s\u00e4ga bakgrundsarbete med att bygga upp strukturer, anvisningar och dokument. Niina betonar dock att enbart pappersarbete inte r\u00e4cker.<\/p>\n\n\n\n<p>\u2013 Ett annat stort tema var utbildning av personalen. Om m\u00e4nniskor inte vet vad dataskydd \u00e4r och hur det ska genomf\u00f6ras, \u00e4r dokumentationen sekund\u00e4r.<\/p>\n\n\n\n<h2 class=\"wp-block-heading\">En ny dataskyddshandbok och ett planm\u00e4ssigt arbetss\u00e4tt<\/h2>\n\n\n\n<p>Ett av de viktigaste konkreta stegen har varit att ta fram en dataskyddshandbok. Handboken har skrivits och publicerats s\u00e5 att den \u00e4r tillg\u00e4nglig f\u00f6r alla \u2013 och ocks\u00e5 f\u00f6r att \u201df\u00f6rh\u00f6ras\u201d p\u00e5.<\/p>\n\n\n\n<p>Samtidigt har dataskyddsarbetet f\u00e5tt en tydlig struktur:<\/p>\n\n\n\n<ul class=\"wp-block-list\">\n<li>\u00e5rlig planering<\/li>\n\n\n\n<li>\u00e5rlig rapportering<\/li>\n\n\n\n<li>kontinuerlig utveckling av praxis<\/li>\n<\/ul>\n\n\n\n<p>Dessutom har f\u00f6rberedelserna inf\u00f6r anslutningen till Kanta-tj\u00e4nsterna till exempel kr\u00e4vt att en informationss\u00e4kerhetspolicy tas fram och underh\u00e5lls.<\/p>\n\n\n\n<p>\u2013 Dokumentationen ger v\u00e4gledning. Nu har fungerande strukturer skapats som grund, och de \u00e4r l\u00e4tta att vidareutveckla och till\u00e4mpa fram\u00f6ver.<\/p>\n\n\n\n<h2 class=\"wp-block-heading\">F\u00f6r\u00e4ndringen syns som ett nytt s\u00e4tt att t\u00e4nka<\/h2>\n\n\n\n<p>Enligt Niina handlar f\u00f6r\u00e4ndringen i f\u00f6rsta hand inte om nya system, utan framf\u00f6r allt om ett f\u00f6r\u00e4ndrat arbetss\u00e4tt.<\/p>\n\n\n\n<p>\u2013 Vi anv\u00e4nder samma system som tidigare, men strukturerna och arbetsrutinerna f\u00f6r hur de anv\u00e4nds har t\u00e4nkts igenom och skrivits ner.<\/p>\n\n\n\n<p>I handledarnas arbete syns f\u00f6r\u00e4ndringen s\u00e4rskilt i att dataskyddet aktivt beaktas.<\/p>\n\n\n\n<p>\u2013 M\u00e4nniskor funderar p\u00e5 allvar \u00f6ver var information f\u00e5r lagras och var den f\u00e5r spridas eller ber\u00e4ttas vidare. Och till exempel tillf\u00e4lliga klientuppgifter: man kan inte spara ett utl\u00e5tande var som helst om det inneh\u00e5ller personuppgifter. M\u00e5let \u00e4r att information om serviceanv\u00e4ndare ska stanna i Domacare.<\/p>\n\n\n\n<h2 class=\"wp-block-heading\">Br\u00e5dska och e-post \u00e4r de vanligaste riskomr\u00e5dena<\/h2>\n\n\n\n<p>N\u00e4r dataskyddet riskerar att gl\u00f6mmas bort \u00e4r orsaken ofta vardaglig.<\/p>\n\n\n\n<p>\u2013 Vardagen och tidsbrist. Och e-post \u00e4r v\u00e4ldigt typiskt: \u00e4r den krypterad, hur ska den hanteras \u2013 kan man inte bara skicka den?<\/p>\n\n\n\n<p>Niinans sammanfattning till personalen \u00e4r tydlig:<\/p>\n\n\n\n<ul class=\"wp-block-list\">\n<li>Serviceanv\u00e4ndarnas personuppgifter h\u00f6r i f\u00f6rsta hand hemma i Domacare<\/li>\n\n\n\n<li>Personuppgifter skickas inte i vanlig e-post i n\u00e5gon form<\/li>\n\n\n\n<li>\u00c4renden som g\u00e4ller serviceanv\u00e4ndare diskuteras inte s\u00e5 att utomst\u00e5ende kan h\u00f6ra<\/li>\n<\/ul>\n\n\n\n<h2 class=\"wp-block-heading\">\u201dAllt beh\u00f6vde l\u00e4ras in vid sidan av arbetet\u201d<\/h2>\n\n\n\n<p>Arbetet som dataskyddsombud har ocks\u00e5 kr\u00e4vt mycket l\u00e4rande.<\/p>\n\n\n\n<p>\u2013 Min egen utg\u00e5ngsniv\u00e5 var inte s\u00e4rskilt h\u00f6g. F\u00f6rmodligen n\u00e4ra de d\u00e4r 14 po\u00e4ngen \u00e4ven f\u00f6r mig, s\u00e4ger Niina.<\/p>\n\n\n\n<p>Det mest utmanande var att hitta trygghet i det egna arbetet samtidigt som man b\u00e5de beh\u00f6vde l\u00e4ra sig sj\u00e4lv och utbilda andra.<\/p>\n\n\n\n<p>\u2013 Situationer uppst\u00e5r snabbt, och ibland tar det en stund att fundera och reda ut saker f\u00f6r att kunna ge ett vettigt och v\u00e4l motiverat svar.<\/p>\n\n\n\n<h2 class=\"wp-block-heading\">Externa revisioner och uppf\u00f6ljning st\u00f6der utvecklingen<\/h2>\n\n\n\n<p>Dataskyddsniv\u00e5n f\u00f6ljs upp p\u00e5 flera s\u00e4tt. Externa revisioner fungerar s\u00e4rskilt som ett m\u00e5tt p\u00e5 helhetsl\u00e4get. D\u00e4rut\u00f6ver f\u00f6ljs bland annat rapporterade dataskyddsincidenter samt olika \u00e5rliga indikatorer upp.<\/p>\n\n\n\n<p>Information samlas \u00e5rligen i ett dokument som ocks\u00e5 inneh\u00e5ller observationer kring informationss\u00e4kerhet, till exempel eventuella n\u00e4tfiskef\u00f6rs\u00f6k. \u00c4rendena behandlas i dataskyddsteamet och helheten sammanst\u00e4lls i ett \u201ddataskyddsbokslut\u201d.<\/p>\n\n\n\n<h2 class=\"wp-block-heading\">75 \u00e4r redan en h\u00f6g niv\u00e5 \u2013 och det viktigaste \u00e4r att uppr\u00e4tth\u00e5lla den<\/h2>\n\n\n\n<p>I teorin vore 100 po\u00e4ng det b\u00e4sta m\u00f6jliga resultatet, men i praktiken \u00e4r det inte ett realistiskt m\u00e5l.<\/p>\n\n\n\n<p>\u2013 Hundra \u00e4r b\u00e4st, men det s\u00e4gs vara om\u00f6jligt att uppn\u00e5, konstaterar Niina.<\/p>\n\n\n\n<p>Enligt Niina \u00e4r 75 redan en h\u00f6g niv\u00e5 f\u00f6r en akt\u00f6r som Niemikotis\u00e4\u00e4ti\u00f6 \u2013 ett \u201dB+\u201d.<\/p>\n\n\n\n<p>\u2013 Om vi lyckas uppr\u00e4tth\u00e5lla den h\u00e4r niv\u00e5n eller f\u00f6rb\u00e4ttra den lite, \u00e4r vi mycket n\u00f6jda.<\/p>\n\n\n\n<h2 class=\"wp-block-heading\">Tips f\u00f6r en lyckad f\u00f6r\u00e4ndring<\/h2>\n\n\n\n<p>Om Niina ger ett r\u00e5d kring utveckling av dataskydd eller system, handlar det om vardagliga samtal och att f\u00f6ra fr\u00e5gan n\u00e4ra det praktiska arbetet.<\/p>\n\n\n\n<p>\u2013 Man m\u00e5ste prata om det \u00e5terkommande och h\u00e5lla det synligt. Annars sjunker det undan.<\/p>\n\n\n\n<p>En annan central faktor \u00e4r ett motiverat utvecklingsteam och st\u00f6dfunktioner.<\/p>\n\n\n\n<p>\u2013 Utvecklingen beh\u00f6ver ske n\u00e4ra verksamheten. Om den bara kommer uppifr\u00e5n, stannar den l\u00e4tt p\u00e5 den niv\u00e5n.<\/p>\n<div style=\"margin: 20px 0;\"><div class=\"qrcswholewtapper\" style=\"text-align:left;\"><div class=\"qrcprowrapper\"  id=\"qrcwraa2leds\"><div class=\"qrc_canvass\" id=\"qrc_cuttenpages_2\" style=\"display:none\" data-text=\"https:\/\/niemikoti.fi\/sv\/dataskyddsarbetet-tog-ett-nytt-steg-framat-vid-niemikotisaatio-fran-14-poang-till-75\/\"><\/div><div><a download=\"Dataskyddsarbetet tog ett nytt steg fram\u00e5t vid Niemikotis\u00e4\u00e4ti\u00f6 \u2013 fr\u00e5n 14 po\u00e4ng till 75.png\" class=\"qrcdownloads\" id=\"worign\">\r\n           <button type=\"button\" style=\"min-width:200px;background:#c8fd8c;color:#000;font-weight: 600;border: 1px solid #dddddd;border-radius:4px;font-size:12px;padding: 6px 0;\" class=\"uqr_code_btn\">Lataa QR-koodi<\/button>\r\n           <\/a><\/div><\/div><\/div><\/div>","protected":false},"excerpt":{"rendered":"<p>Under det senaste \u00e5ret har Niemikotis\u00e4\u00e4ti\u00f6 gjort ett m\u00e5lmedvetet lyft i utvecklingen av sitt dataskyddsarbete. Utg\u00e5ngsl\u00e4get var tydligt: i en extern bed\u00f6mning l\u00e5g dataskyddsniv\u00e5n p\u00e5 14 po\u00e4ng. I dag har po\u00e4ngen redan stigit till 75.<\/p>\n","protected":false},"author":2,"featured_media":50299,"comment_status":"closed","ping_status":"open","sticky":false,"template":"","format":"standard","meta":{"_kad_blocks_custom_css":"","_kad_blocks_head_custom_js":"","_kad_blocks_body_custom_js":"","_kad_blocks_footer_custom_js":"","_kad_post_transparent":"","_kad_post_title":"","_kad_post_layout":"","_kad_post_sidebar_id":"","_kad_post_content_style":"","_kad_post_vertical_padding":"","_kad_post_feature":"","_kad_post_feature_position":"","_kad_post_header":false,"_kad_post_footer":false,"_kad_post_classname":"","cybocfi_hide_featured_image":"","footnotes":"","_links_to":"","_links_to_target":""},"categories":[736,847],"tags":[],"yksikkokategoria":[],"sisaltoluokka":[],"class_list":["post-50264","post","type-post","status-publish","format-standard","has-post-thumbnail","hentry","category-okategoriserad","category-verksamhetsutveckling"],"yoast_head":"<!-- This site is optimized with the Yoast SEO plugin v27.4 - https:\/\/yoast.com\/product\/yoast-seo-wordpress\/ -->\n<title>Dataskyddsarbetet tog ett nytt steg fram\u00e5t vid Niemikotis\u00e4\u00e4ti\u00f6 \u2013 fr\u00e5n 14 po\u00e4ng till 75 - Niemikotis\u00e4\u00e4ti\u00f6<\/title>\n<meta name=\"robots\" content=\"index, follow, max-snippet:-1, max-image-preview:large, max-video-preview:-1\" \/>\n<link rel=\"canonical\" href=\"https:\/\/niemikoti.fi\/sv\/dataskyddsarbetet-tog-ett-nytt-steg-framat-vid-niemikotisaatio-fran-14-poang-till-75\/\" \/>\n<meta property=\"og:locale\" content=\"sv_SE\" \/>\n<meta property=\"og:type\" content=\"article\" \/>\n<meta property=\"og:title\" content=\"Dataskyddsarbetet tog ett nytt steg fram\u00e5t vid Niemikotis\u00e4\u00e4ti\u00f6 \u2013 fr\u00e5n 14 po\u00e4ng till 75 - Niemikotis\u00e4\u00e4ti\u00f6\" \/>\n<meta property=\"og:description\" content=\"Under det senaste \u00e5ret har Niemikotis\u00e4\u00e4ti\u00f6 gjort ett m\u00e5lmedvetet lyft i utvecklingen av sitt dataskyddsarbete. Utg\u00e5ngsl\u00e4get var tydligt: i en extern bed\u00f6mning l\u00e5g dataskyddsniv\u00e5n p\u00e5 14 po\u00e4ng. I dag har po\u00e4ngen redan stigit till 75.\" \/>\n<meta property=\"og:url\" content=\"https:\/\/niemikoti.fi\/sv\/dataskyddsarbetet-tog-ett-nytt-steg-framat-vid-niemikotisaatio-fran-14-poang-till-75\/\" \/>\n<meta property=\"og:site_name\" content=\"Niemikotis\u00e4\u00e4ti\u00f6\" \/>\n<meta property=\"article:publisher\" content=\"https:\/\/www.facebook.com\/niemikoti\" \/>\n<meta property=\"article:published_time\" content=\"2026-02-09T06:08:07+00:00\" \/>\n<meta property=\"article:modified_time\" content=\"2026-02-09T06:54:38+00:00\" \/>\n<meta property=\"og:image\" content=\"https:\/\/niemikoti.fi\/wp-content\/uploads\/2026\/01\/image002.png\" \/>\n\t<meta property=\"og:image:width\" content=\"1920\" \/>\n\t<meta property=\"og:image:height\" content=\"1080\" \/>\n\t<meta property=\"og:image:type\" content=\"image\/png\" \/>\n<meta name=\"author\" content=\"Niemikotis\u00e4\u00e4ti\u00f6n viestint\u00e4\" \/>\n<meta name=\"twitter:card\" content=\"summary_large_image\" \/>\n<meta name=\"twitter:label1\" content=\"Skriven av\" \/>\n\t<meta name=\"twitter:data1\" content=\"Niemikotis\u00e4\u00e4ti\u00f6n viestint\u00e4\" \/>\n\t<meta name=\"twitter:label2\" content=\"Ber\u00e4knad l\u00e4stid\" \/>\n\t<meta name=\"twitter:data2\" content=\"4 minut\" \/>\n<script type=\"application\/ld+json\" class=\"yoast-schema-graph\">{\"@context\":\"https:\\\/\\\/schema.org\",\"@graph\":[{\"@type\":\"Article\",\"@id\":\"https:\\\/\\\/niemikoti.fi\\\/sv\\\/dataskyddsarbetet-tog-ett-nytt-steg-framat-vid-niemikotisaatio-fran-14-poang-till-75\\\/#article\",\"isPartOf\":{\"@id\":\"https:\\\/\\\/niemikoti.fi\\\/sv\\\/dataskyddsarbetet-tog-ett-nytt-steg-framat-vid-niemikotisaatio-fran-14-poang-till-75\\\/\"},\"author\":{\"name\":\"Niemikotis\u00e4\u00e4ti\u00f6n viestint\u00e4\",\"@id\":\"https:\\\/\\\/niemikoti.fi\\\/#\\\/schema\\\/person\\\/31ffd9d2b2b8647bdd96db96286dc06c\"},\"headline\":\"Dataskyddsarbetet tog ett nytt steg fram\u00e5t vid Niemikotis\u00e4\u00e4ti\u00f6 \u2013 fr\u00e5n 14 po\u00e4ng till 75\",\"datePublished\":\"2026-02-09T06:08:07+00:00\",\"dateModified\":\"2026-02-09T06:54:38+00:00\",\"mainEntityOfPage\":{\"@id\":\"https:\\\/\\\/niemikoti.fi\\\/sv\\\/dataskyddsarbetet-tog-ett-nytt-steg-framat-vid-niemikotisaatio-fran-14-poang-till-75\\\/\"},\"wordCount\":846,\"publisher\":{\"@id\":\"https:\\\/\\\/niemikoti.fi\\\/#organization\"},\"image\":{\"@id\":\"https:\\\/\\\/niemikoti.fi\\\/sv\\\/dataskyddsarbetet-tog-ett-nytt-steg-framat-vid-niemikotisaatio-fran-14-poang-till-75\\\/#primaryimage\"},\"thumbnailUrl\":\"https:\\\/\\\/niemikoti.fi\\\/wp-content\\\/uploads\\\/2026\\\/02\\\/Black-and-Orange-Modern-Project-Roadmap-Whiteboard.png\",\"articleSection\":[\"Aktuellt\",\"Verksamhetsutveckling\"],\"inLanguage\":\"sv-SE\"},{\"@type\":\"WebPage\",\"@id\":\"https:\\\/\\\/niemikoti.fi\\\/sv\\\/dataskyddsarbetet-tog-ett-nytt-steg-framat-vid-niemikotisaatio-fran-14-poang-till-75\\\/\",\"url\":\"https:\\\/\\\/niemikoti.fi\\\/sv\\\/dataskyddsarbetet-tog-ett-nytt-steg-framat-vid-niemikotisaatio-fran-14-poang-till-75\\\/\",\"name\":\"Dataskyddsarbetet tog ett nytt steg fram\u00e5t vid Niemikotis\u00e4\u00e4ti\u00f6 \u2013 fr\u00e5n 14 po\u00e4ng till 75 - Niemikotis\u00e4\u00e4ti\u00f6\",\"isPartOf\":{\"@id\":\"https:\\\/\\\/niemikoti.fi\\\/#website\"},\"primaryImageOfPage\":{\"@id\":\"https:\\\/\\\/niemikoti.fi\\\/sv\\\/dataskyddsarbetet-tog-ett-nytt-steg-framat-vid-niemikotisaatio-fran-14-poang-till-75\\\/#primaryimage\"},\"image\":{\"@id\":\"https:\\\/\\\/niemikoti.fi\\\/sv\\\/dataskyddsarbetet-tog-ett-nytt-steg-framat-vid-niemikotisaatio-fran-14-poang-till-75\\\/#primaryimage\"},\"thumbnailUrl\":\"https:\\\/\\\/niemikoti.fi\\\/wp-content\\\/uploads\\\/2026\\\/02\\\/Black-and-Orange-Modern-Project-Roadmap-Whiteboard.png\",\"datePublished\":\"2026-02-09T06:08:07+00:00\",\"dateModified\":\"2026-02-09T06:54:38+00:00\",\"breadcrumb\":{\"@id\":\"https:\\\/\\\/niemikoti.fi\\\/sv\\\/dataskyddsarbetet-tog-ett-nytt-steg-framat-vid-niemikotisaatio-fran-14-poang-till-75\\\/#breadcrumb\"},\"inLanguage\":\"sv-SE\",\"potentialAction\":[{\"@type\":\"ReadAction\",\"target\":[\"https:\\\/\\\/niemikoti.fi\\\/sv\\\/dataskyddsarbetet-tog-ett-nytt-steg-framat-vid-niemikotisaatio-fran-14-poang-till-75\\\/\"]}]},{\"@type\":\"ImageObject\",\"inLanguage\":\"sv-SE\",\"@id\":\"https:\\\/\\\/niemikoti.fi\\\/sv\\\/dataskyddsarbetet-tog-ett-nytt-steg-framat-vid-niemikotisaatio-fran-14-poang-till-75\\\/#primaryimage\",\"url\":\"https:\\\/\\\/niemikoti.fi\\\/wp-content\\\/uploads\\\/2026\\\/02\\\/Black-and-Orange-Modern-Project-Roadmap-Whiteboard.png\",\"contentUrl\":\"https:\\\/\\\/niemikoti.fi\\\/wp-content\\\/uploads\\\/2026\\\/02\\\/Black-and-Orange-Modern-Project-Roadmap-Whiteboard.png\",\"width\":1920,\"height\":1080,\"caption\":\"Kanta-projektin aikajana vuosille 2024\u20132026 esitt\u00e4\u00e4 eri vaiheet, kuten valmistelu, tietosuoja, koulutus ja asiakastietoj\u00e4rjestelm\u00e4n p\u00e4ivitys.\"},{\"@type\":\"BreadcrumbList\",\"@id\":\"https:\\\/\\\/niemikoti.fi\\\/sv\\\/dataskyddsarbetet-tog-ett-nytt-steg-framat-vid-niemikotisaatio-fran-14-poang-till-75\\\/#breadcrumb\",\"itemListElement\":[{\"@type\":\"ListItem\",\"position\":1,\"name\":\"Home\",\"item\":\"https:\\\/\\\/niemikoti.fi\\\/sv\\\/\"},{\"@type\":\"ListItem\",\"position\":2,\"name\":\"Dataskyddsarbetet tog ett nytt steg fram\u00e5t vid Niemikotis\u00e4\u00e4ti\u00f6 \u2013 fr\u00e5n 14 po\u00e4ng till 75\"}]},{\"@type\":\"WebSite\",\"@id\":\"https:\\\/\\\/niemikoti.fi\\\/#website\",\"url\":\"https:\\\/\\\/niemikoti.fi\\\/\",\"name\":\"Niemikotis\u00e4\u00e4ti\u00f6\",\"description\":\"Yhdess\u00e4 jo 40 vuotta\",\"publisher\":{\"@id\":\"https:\\\/\\\/niemikoti.fi\\\/#organization\"},\"potentialAction\":[{\"@type\":\"SearchAction\",\"target\":{\"@type\":\"EntryPoint\",\"urlTemplate\":\"https:\\\/\\\/niemikoti.fi\\\/?s={search_term_string}\"},\"query-input\":{\"@type\":\"PropertyValueSpecification\",\"valueRequired\":true,\"valueName\":\"search_term_string\"}}],\"inLanguage\":\"sv-SE\"},{\"@type\":\"Organization\",\"@id\":\"https:\\\/\\\/niemikoti.fi\\\/#organization\",\"name\":\"Niemikotis\u00e4\u00e4ti\u00f6\",\"url\":\"https:\\\/\\\/niemikoti.fi\\\/\",\"logo\":{\"@type\":\"ImageObject\",\"inLanguage\":\"sv-SE\",\"@id\":\"https:\\\/\\\/niemikoti.fi\\\/#\\\/schema\\\/logo\\\/image\\\/\",\"url\":\"https:\\\/\\\/niemikoti.fi\\\/wp-content\\\/uploads\\\/2023\\\/02\\\/niemikotilogo40v_vaaka.png\",\"contentUrl\":\"https:\\\/\\\/niemikoti.fi\\\/wp-content\\\/uploads\\\/2023\\\/02\\\/niemikotilogo40v_vaaka.png\",\"width\":1147,\"height\":418,\"caption\":\"Niemikotis\u00e4\u00e4ti\u00f6\"},\"image\":{\"@id\":\"https:\\\/\\\/niemikoti.fi\\\/#\\\/schema\\\/logo\\\/image\\\/\"},\"sameAs\":[\"https:\\\/\\\/www.facebook.com\\\/niemikoti\",\"https:\\\/\\\/www.instagram.com\\\/niemikoti\\\/\",\"https:\\\/\\\/www.youtube.com\\\/channel\\\/UCfo6l7q45CD_derGzEH8XGA\"]},{\"@type\":\"Person\",\"@id\":\"https:\\\/\\\/niemikoti.fi\\\/#\\\/schema\\\/person\\\/31ffd9d2b2b8647bdd96db96286dc06c\",\"name\":\"Niemikotis\u00e4\u00e4ti\u00f6n viestint\u00e4\",\"image\":{\"@type\":\"ImageObject\",\"inLanguage\":\"sv-SE\",\"@id\":\"https:\\\/\\\/secure.gravatar.com\\\/avatar\\\/408e1c81a50332d703f9ab205319647097a27e0df578c498cabe8e9753b9afb0?s=96&d=blank&r=g\",\"url\":\"https:\\\/\\\/secure.gravatar.com\\\/avatar\\\/408e1c81a50332d703f9ab205319647097a27e0df578c498cabe8e9753b9afb0?s=96&d=blank&r=g\",\"contentUrl\":\"https:\\\/\\\/secure.gravatar.com\\\/avatar\\\/408e1c81a50332d703f9ab205319647097a27e0df578c498cabe8e9753b9afb0?s=96&d=blank&r=g\",\"caption\":\"Niemikotis\u00e4\u00e4ti\u00f6n viestint\u00e4\"},\"description\":\"Vuonna 1983 perustettu Niemikotis\u00e4\u00e4ti\u00f6 on voittoa tavoittelematon suomalainen verkostoitunut toimija, joka tuottaa monipuolisesti palveluja mielenterveyskuntoutujille. Ehk\u00e4isemme toiminnallamme syrj\u00e4ytymist\u00e4 ja eriarvoisuutta.\",\"url\":\"https:\\\/\\\/niemikoti.fi\\\/sv\\\/author\\\/katjalampela\\\/\"}]}<\/script>\n<!-- \/ Yoast SEO plugin. -->","yoast_head_json":{"title":"Dataskyddsarbetet tog ett nytt steg fram\u00e5t vid Niemikotis\u00e4\u00e4ti\u00f6 \u2013 fr\u00e5n 14 po\u00e4ng till 75 - Niemikotis\u00e4\u00e4ti\u00f6","robots":{"index":"index","follow":"follow","max-snippet":"max-snippet:-1","max-image-preview":"max-image-preview:large","max-video-preview":"max-video-preview:-1"},"canonical":"https:\/\/niemikoti.fi\/sv\/dataskyddsarbetet-tog-ett-nytt-steg-framat-vid-niemikotisaatio-fran-14-poang-till-75\/","og_locale":"sv_SE","og_type":"article","og_title":"Dataskyddsarbetet tog ett nytt steg fram\u00e5t vid Niemikotis\u00e4\u00e4ti\u00f6 \u2013 fr\u00e5n 14 po\u00e4ng till 75 - Niemikotis\u00e4\u00e4ti\u00f6","og_description":"Under det senaste \u00e5ret har Niemikotis\u00e4\u00e4ti\u00f6 gjort ett m\u00e5lmedvetet lyft i utvecklingen av sitt dataskyddsarbete. Utg\u00e5ngsl\u00e4get var tydligt: i en extern bed\u00f6mning l\u00e5g dataskyddsniv\u00e5n p\u00e5 14 po\u00e4ng. I dag har po\u00e4ngen redan stigit till 75.","og_url":"https:\/\/niemikoti.fi\/sv\/dataskyddsarbetet-tog-ett-nytt-steg-framat-vid-niemikotisaatio-fran-14-poang-till-75\/","og_site_name":"Niemikotis\u00e4\u00e4ti\u00f6","article_publisher":"https:\/\/www.facebook.com\/niemikoti","article_published_time":"2026-02-09T06:08:07+00:00","article_modified_time":"2026-02-09T06:54:38+00:00","og_image":[{"width":1920,"height":1080,"url":"https:\/\/niemikoti.fi\/wp-content\/uploads\/2026\/01\/image002.png","type":"image\/png"}],"author":"Niemikotis\u00e4\u00e4ti\u00f6n viestint\u00e4","twitter_card":"summary_large_image","twitter_misc":{"Skriven av":"Niemikotis\u00e4\u00e4ti\u00f6n viestint\u00e4","Ber\u00e4knad l\u00e4stid":"4 minut"},"schema":{"@context":"https:\/\/schema.org","@graph":[{"@type":"Article","@id":"https:\/\/niemikoti.fi\/sv\/dataskyddsarbetet-tog-ett-nytt-steg-framat-vid-niemikotisaatio-fran-14-poang-till-75\/#article","isPartOf":{"@id":"https:\/\/niemikoti.fi\/sv\/dataskyddsarbetet-tog-ett-nytt-steg-framat-vid-niemikotisaatio-fran-14-poang-till-75\/"},"author":{"name":"Niemikotis\u00e4\u00e4ti\u00f6n viestint\u00e4","@id":"https:\/\/niemikoti.fi\/#\/schema\/person\/31ffd9d2b2b8647bdd96db96286dc06c"},"headline":"Dataskyddsarbetet tog ett nytt steg fram\u00e5t vid Niemikotis\u00e4\u00e4ti\u00f6 \u2013 fr\u00e5n 14 po\u00e4ng till 75","datePublished":"2026-02-09T06:08:07+00:00","dateModified":"2026-02-09T06:54:38+00:00","mainEntityOfPage":{"@id":"https:\/\/niemikoti.fi\/sv\/dataskyddsarbetet-tog-ett-nytt-steg-framat-vid-niemikotisaatio-fran-14-poang-till-75\/"},"wordCount":846,"publisher":{"@id":"https:\/\/niemikoti.fi\/#organization"},"image":{"@id":"https:\/\/niemikoti.fi\/sv\/dataskyddsarbetet-tog-ett-nytt-steg-framat-vid-niemikotisaatio-fran-14-poang-till-75\/#primaryimage"},"thumbnailUrl":"https:\/\/niemikoti.fi\/wp-content\/uploads\/2026\/02\/Black-and-Orange-Modern-Project-Roadmap-Whiteboard.png","articleSection":["Aktuellt","Verksamhetsutveckling"],"inLanguage":"sv-SE"},{"@type":"WebPage","@id":"https:\/\/niemikoti.fi\/sv\/dataskyddsarbetet-tog-ett-nytt-steg-framat-vid-niemikotisaatio-fran-14-poang-till-75\/","url":"https:\/\/niemikoti.fi\/sv\/dataskyddsarbetet-tog-ett-nytt-steg-framat-vid-niemikotisaatio-fran-14-poang-till-75\/","name":"Dataskyddsarbetet tog ett nytt steg fram\u00e5t vid Niemikotis\u00e4\u00e4ti\u00f6 \u2013 fr\u00e5n 14 po\u00e4ng till 75 - Niemikotis\u00e4\u00e4ti\u00f6","isPartOf":{"@id":"https:\/\/niemikoti.fi\/#website"},"primaryImageOfPage":{"@id":"https:\/\/niemikoti.fi\/sv\/dataskyddsarbetet-tog-ett-nytt-steg-framat-vid-niemikotisaatio-fran-14-poang-till-75\/#primaryimage"},"image":{"@id":"https:\/\/niemikoti.fi\/sv\/dataskyddsarbetet-tog-ett-nytt-steg-framat-vid-niemikotisaatio-fran-14-poang-till-75\/#primaryimage"},"thumbnailUrl":"https:\/\/niemikoti.fi\/wp-content\/uploads\/2026\/02\/Black-and-Orange-Modern-Project-Roadmap-Whiteboard.png","datePublished":"2026-02-09T06:08:07+00:00","dateModified":"2026-02-09T06:54:38+00:00","breadcrumb":{"@id":"https:\/\/niemikoti.fi\/sv\/dataskyddsarbetet-tog-ett-nytt-steg-framat-vid-niemikotisaatio-fran-14-poang-till-75\/#breadcrumb"},"inLanguage":"sv-SE","potentialAction":[{"@type":"ReadAction","target":["https:\/\/niemikoti.fi\/sv\/dataskyddsarbetet-tog-ett-nytt-steg-framat-vid-niemikotisaatio-fran-14-poang-till-75\/"]}]},{"@type":"ImageObject","inLanguage":"sv-SE","@id":"https:\/\/niemikoti.fi\/sv\/dataskyddsarbetet-tog-ett-nytt-steg-framat-vid-niemikotisaatio-fran-14-poang-till-75\/#primaryimage","url":"https:\/\/niemikoti.fi\/wp-content\/uploads\/2026\/02\/Black-and-Orange-Modern-Project-Roadmap-Whiteboard.png","contentUrl":"https:\/\/niemikoti.fi\/wp-content\/uploads\/2026\/02\/Black-and-Orange-Modern-Project-Roadmap-Whiteboard.png","width":1920,"height":1080,"caption":"Kanta-projektin aikajana vuosille 2024\u20132026 esitt\u00e4\u00e4 eri vaiheet, kuten valmistelu, tietosuoja, koulutus ja asiakastietoj\u00e4rjestelm\u00e4n p\u00e4ivitys."},{"@type":"BreadcrumbList","@id":"https:\/\/niemikoti.fi\/sv\/dataskyddsarbetet-tog-ett-nytt-steg-framat-vid-niemikotisaatio-fran-14-poang-till-75\/#breadcrumb","itemListElement":[{"@type":"ListItem","position":1,"name":"Home","item":"https:\/\/niemikoti.fi\/sv\/"},{"@type":"ListItem","position":2,"name":"Dataskyddsarbetet tog ett nytt steg fram\u00e5t vid Niemikotis\u00e4\u00e4ti\u00f6 \u2013 fr\u00e5n 14 po\u00e4ng till 75"}]},{"@type":"WebSite","@id":"https:\/\/niemikoti.fi\/#website","url":"https:\/\/niemikoti.fi\/","name":"Niemikotis\u00e4\u00e4ti\u00f6","description":"Yhdess\u00e4 jo 40 vuotta","publisher":{"@id":"https:\/\/niemikoti.fi\/#organization"},"potentialAction":[{"@type":"SearchAction","target":{"@type":"EntryPoint","urlTemplate":"https:\/\/niemikoti.fi\/?s={search_term_string}"},"query-input":{"@type":"PropertyValueSpecification","valueRequired":true,"valueName":"search_term_string"}}],"inLanguage":"sv-SE"},{"@type":"Organization","@id":"https:\/\/niemikoti.fi\/#organization","name":"Niemikotis\u00e4\u00e4ti\u00f6","url":"https:\/\/niemikoti.fi\/","logo":{"@type":"ImageObject","inLanguage":"sv-SE","@id":"https:\/\/niemikoti.fi\/#\/schema\/logo\/image\/","url":"https:\/\/niemikoti.fi\/wp-content\/uploads\/2023\/02\/niemikotilogo40v_vaaka.png","contentUrl":"https:\/\/niemikoti.fi\/wp-content\/uploads\/2023\/02\/niemikotilogo40v_vaaka.png","width":1147,"height":418,"caption":"Niemikotis\u00e4\u00e4ti\u00f6"},"image":{"@id":"https:\/\/niemikoti.fi\/#\/schema\/logo\/image\/"},"sameAs":["https:\/\/www.facebook.com\/niemikoti","https:\/\/www.instagram.com\/niemikoti\/","https:\/\/www.youtube.com\/channel\/UCfo6l7q45CD_derGzEH8XGA"]},{"@type":"Person","@id":"https:\/\/niemikoti.fi\/#\/schema\/person\/31ffd9d2b2b8647bdd96db96286dc06c","name":"Niemikotis\u00e4\u00e4ti\u00f6n viestint\u00e4","image":{"@type":"ImageObject","inLanguage":"sv-SE","@id":"https:\/\/secure.gravatar.com\/avatar\/408e1c81a50332d703f9ab205319647097a27e0df578c498cabe8e9753b9afb0?s=96&d=blank&r=g","url":"https:\/\/secure.gravatar.com\/avatar\/408e1c81a50332d703f9ab205319647097a27e0df578c498cabe8e9753b9afb0?s=96&d=blank&r=g","contentUrl":"https:\/\/secure.gravatar.com\/avatar\/408e1c81a50332d703f9ab205319647097a27e0df578c498cabe8e9753b9afb0?s=96&d=blank&r=g","caption":"Niemikotis\u00e4\u00e4ti\u00f6n viestint\u00e4"},"description":"Vuonna 1983 perustettu Niemikotis\u00e4\u00e4ti\u00f6 on voittoa tavoittelematon suomalainen verkostoitunut toimija, joka tuottaa monipuolisesti palveluja mielenterveyskuntoutujille. Ehk\u00e4isemme toiminnallamme syrj\u00e4ytymist\u00e4 ja eriarvoisuutta.","url":"https:\/\/niemikoti.fi\/sv\/author\/katjalampela\/"}]}},"taxonomy_info":{"category":[{"value":736,"label":"Aktuellt"},{"value":847,"label":"Verksamhetsutveckling"}]},"featured_image_src_large":["https:\/\/niemikoti.fi\/wp-content\/uploads\/2026\/02\/Black-and-Orange-Modern-Project-Roadmap-Whiteboard-1024x576.png",1024,576,true],"author_info":{"display_name":"Niemikotis\u00e4\u00e4ti\u00f6n viestint\u00e4","author_link":"https:\/\/niemikoti.fi\/sv\/author\/katjalampela\/"},"comment_info":0,"category_info":[{"term_id":736,"name":"Aktuellt","slug":"okategoriserad","term_group":0,"term_taxonomy_id":736,"taxonomy":"category","description":"","parent":0,"count":38,"filter":"raw","cat_ID":736,"category_count":38,"category_description":"","cat_name":"Aktuellt","category_nicename":"okategoriserad","category_parent":0},{"term_id":847,"name":"Verksamhetsutveckling","slug":"verksamhetsutveckling","term_group":0,"term_taxonomy_id":847,"taxonomy":"category","description":"","parent":0,"count":6,"filter":"raw","cat_ID":847,"category_count":6,"category_description":"","cat_name":"Verksamhetsutveckling","category_nicename":"verksamhetsutveckling","category_parent":0}],"tag_info":false,"_links":{"self":[{"href":"https:\/\/niemikoti.fi\/sv\/wp-json\/wp\/v2\/posts\/50264","targetHints":{"allow":["GET"]}}],"collection":[{"href":"https:\/\/niemikoti.fi\/sv\/wp-json\/wp\/v2\/posts"}],"about":[{"href":"https:\/\/niemikoti.fi\/sv\/wp-json\/wp\/v2\/types\/post"}],"author":[{"embeddable":true,"href":"https:\/\/niemikoti.fi\/sv\/wp-json\/wp\/v2\/users\/2"}],"replies":[{"embeddable":true,"href":"https:\/\/niemikoti.fi\/sv\/wp-json\/wp\/v2\/comments?post=50264"}],"version-history":[{"count":1,"href":"https:\/\/niemikoti.fi\/sv\/wp-json\/wp\/v2\/posts\/50264\/revisions"}],"predecessor-version":[{"id":50265,"href":"https:\/\/niemikoti.fi\/sv\/wp-json\/wp\/v2\/posts\/50264\/revisions\/50265"}],"wp:featuredmedia":[{"embeddable":true,"href":"https:\/\/niemikoti.fi\/sv\/wp-json\/wp\/v2\/media\/50299"}],"wp:attachment":[{"href":"https:\/\/niemikoti.fi\/sv\/wp-json\/wp\/v2\/media?parent=50264"}],"wp:term":[{"taxonomy":"category","embeddable":true,"href":"https:\/\/niemikoti.fi\/sv\/wp-json\/wp\/v2\/categories?post=50264"},{"taxonomy":"post_tag","embeddable":true,"href":"https:\/\/niemikoti.fi\/sv\/wp-json\/wp\/v2\/tags?post=50264"},{"taxonomy":"yksikkokategoria","embeddable":true,"href":"https:\/\/niemikoti.fi\/sv\/wp-json\/wp\/v2\/yksikkokategoria?post=50264"},{"taxonomy":"sisaltoluokka","embeddable":true,"href":"https:\/\/niemikoti.fi\/sv\/wp-json\/wp\/v2\/sisaltoluokka?post=50264"}],"curies":[{"name":"wp","href":"https:\/\/api.w.org\/{rel}","templated":true}]}}