{"id":49574,"date":"2026-01-05T07:27:08","date_gmt":"2026-01-05T05:27:08","guid":{"rendered":"https:\/\/niemikoti.fi\/?p=49574"},"modified":"2026-01-05T08:37:49","modified_gmt":"2026-01-05T06:37:49","slug":"det-nya-aret-borjar-pa-basta-satt-anmal-dig-till-kaikki-toihin-evenemanget","status":"publish","type":"post","link":"https:\/\/niemikoti.fi\/sv\/det-nya-aret-borjar-pa-basta-satt-anmal-dig-till-kaikki-toihin-evenemanget\/","title":{"rendered":"Det nya \u00e5ret b\u00f6rjar p\u00e5 b\u00e4sta s\u00e4tt \u2013 anm\u00e4l dig till Kaikki T\u00f6ihin-evenemanget"},"content":{"rendered":"\n<figure class=\"wp-block-image size-large\"><a href=\"https:\/\/kaikkitoihin.fi\" target=\"_blank\" rel=\" noreferrer noopener\"><img loading=\"lazy\" decoding=\"async\" width=\"1024\" height=\"594\" src=\"https:\/\/niemikoti.fi\/wp-content\/uploads\/2025\/12\/Screenshot-2025-12-12-at-14.06.25-1024x594.png\" alt=\"Tapahtuman mainos, jossa kerrotaan &quot;Kaikki T\u00f6ihin&quot; -tapahtumasta, sen ajankohdasta ja sijainnista.\" class=\"wp-image-49023\" srcset=\"https:\/\/niemikoti.fi\/wp-content\/uploads\/2025\/12\/Screenshot-2025-12-12-at-14.06.25-1024x594.png 1024w, https:\/\/niemikoti.fi\/wp-content\/uploads\/2025\/12\/Screenshot-2025-12-12-at-14.06.25-300x174.png 300w, https:\/\/niemikoti.fi\/wp-content\/uploads\/2025\/12\/Screenshot-2025-12-12-at-14.06.25-768x445.png 768w, https:\/\/niemikoti.fi\/wp-content\/uploads\/2025\/12\/Screenshot-2025-12-12-at-14.06.25.png 1195w\" sizes=\"auto, (max-width: 1024px) 100vw, 1024px\" \/><\/a><\/figure>\n\n\n<style>.kb-row-layout-id49574_8bd54c-06 > .kt-row-column-wrap{align-content:center;}:where(.kb-row-layout-id49574_8bd54c-06 > .kt-row-column-wrap) > .wp-block-kadence-column{justify-content:center;}.kb-row-layout-id49574_8bd54c-06 > .kt-row-column-wrap{column-gap:var(--global-kb-gap-md, 2rem);row-gap:var(--global-kb-gap-md, 2rem);padding-top:var(--global-kb-spacing-sm, 1.5rem);padding-bottom:var(--global-kb-spacing-sm, 1.5rem);grid-template-columns:minmax(0, calc(50% - ((var(--global-kb-gap-md, 2rem) * 1 )\/2)))minmax(0, calc(50% - ((var(--global-kb-gap-md, 2rem) * 1 )\/2)));}.kb-row-layout-id49574_8bd54c-06 > .kt-row-layout-overlay{opacity:0.30;}@media all and (max-width: 1024px){.kb-row-layout-id49574_8bd54c-06 > .kt-row-column-wrap{grid-template-columns:repeat(2, minmax(0, 1fr));}}@media all and (max-width: 767px){.kb-row-layout-id49574_8bd54c-06 > .kt-row-column-wrap{grid-template-columns:minmax(0, 1fr);}}<\/style><div class=\"kb-row-layout-wrap kb-row-layout-id49574_8bd54c-06 alignnone wp-block-kadence-rowlayout\"><div class=\"kt-row-column-wrap kt-has-2-columns kt-row-layout-equal kt-tab-layout-inherit kt-mobile-layout-row kt-row-valign-middle kt-inner-column-height-full\">\n<style>.kadence-column49574_549cfe-72 > .kt-inside-inner-col,.kadence-column49574_549cfe-72 > .kt-inside-inner-col:before{border-top-left-radius:0px;border-top-right-radius:0px;border-bottom-right-radius:0px;border-bottom-left-radius:0px;}.kadence-column49574_549cfe-72 > .kt-inside-inner-col{column-gap:var(--global-kb-gap-sm, 1rem);}.kadence-column49574_549cfe-72 > .kt-inside-inner-col{flex-direction:column;}.kadence-column49574_549cfe-72 > .kt-inside-inner-col > .aligncenter{width:100%;}.kadence-column49574_549cfe-72 > .kt-inside-inner-col:before{opacity:0.3;}.kadence-column49574_549cfe-72{position:relative;}@media all and (max-width: 1024px){.kadence-column49574_549cfe-72 > .kt-inside-inner-col{flex-direction:column;justify-content:center;}}@media all and (max-width: 767px){.kadence-column49574_549cfe-72 > .kt-inside-inner-col{flex-direction:column;justify-content:center;}}<\/style>\n<div class=\"wp-block-kadence-column kadence-column49574_549cfe-72\"><div class=\"kt-inside-inner-col\">\n<p class=\"has-medium-font-size\">Niemikotis\u00e4\u00e4ti\u00f6n Valtti Valmennus deltar f\u00f6r fj\u00e4rde g\u00e5ngen i arrangemangen av rekryteringsevenemanget <em>Kaikki T\u00f6ihin<\/em>, som erbjuder en unik m\u00f6jlighet f\u00f6r arbetss\u00f6kande, arbetsgivare och yrkesverksamma inom arbetscoaching att m\u00f6tas i en avslappnad och uppmuntrande atmosf\u00e4r.<\/p>\n<\/div><\/div>\n\n\n<style>.kadence-column49574_a2af12-b2 > .kt-inside-inner-col{padding-top:var(--global-kb-spacing-sm, 1.5rem);padding-right:var(--global-kb-spacing-sm, 1.5rem);padding-bottom:var(--global-kb-spacing-sm, 1.5rem);padding-left:var(--global-kb-spacing-sm, 1.5rem);}.kadence-column49574_a2af12-b2 > .kt-inside-inner-col,.kadence-column49574_a2af12-b2 > .kt-inside-inner-col:before{border-top-left-radius:30px;border-top-right-radius:0px;border-bottom-right-radius:30px;border-bottom-left-radius:0px;}.kadence-column49574_a2af12-b2 > .kt-inside-inner-col{column-gap:var(--global-kb-gap-sm, 1rem);}.kadence-column49574_a2af12-b2 > .kt-inside-inner-col{flex-direction:column;}.kadence-column49574_a2af12-b2 > .kt-inside-inner-col > .aligncenter{width:100%;}.kadence-column49574_a2af12-b2 > .kt-inside-inner-col{background-color:var(--global-palette1, #3182CE);}.kadence-column49574_a2af12-b2 > .kt-inside-inner-col:before{opacity:0.3;}.kadence-column49574_a2af12-b2, .kadence-column49574_a2af12-b2 h1, .kadence-column49574_a2af12-b2 h2, .kadence-column49574_a2af12-b2 h3, .kadence-column49574_a2af12-b2 h4, .kadence-column49574_a2af12-b2 h5, .kadence-column49574_a2af12-b2 h6{color:var(--global-palette9, #ffffff);}.kadence-column49574_a2af12-b2 a{color:var(--global-palette9, #ffffff);}.kadence-column49574_a2af12-b2{position:relative;}@media all and (max-width: 1024px){.kadence-column49574_a2af12-b2 > .kt-inside-inner-col{flex-direction:column;justify-content:center;}}@media all and (max-width: 767px){.kadence-column49574_a2af12-b2 > .kt-inside-inner-col{flex-direction:column;justify-content:center;}}<\/style>\n<div class=\"wp-block-kadence-column kadence-column49574_a2af12-b2\"><div class=\"kt-inside-inner-col\">\n<h3 class=\"wp-block-heading has-large-font-size\"><strong>N\u00e4r och var?<\/strong><\/h3>\n\n\n\n<p class=\"has-medium-font-size\">Torsdagen den 12 mars 2026 <br>kl. 11.30\u201315.00<br>Metropolia yrkesh\u00f6gskola<br>Myllypuro campus, Helsingfors.<\/p>\n\n\n\n<p class=\"has-medium-font-size\"><a href=\"https:\/\/kaikkitoihin.fi\" target=\"_blank\" rel=\"noreferrer noopener\"><strong>kaikkitoihin.fi<\/strong><\/a><\/p>\n<\/div><\/div>\n\n<\/div><\/div>\n\n\n<h3 class=\"wp-block-heading\">En m\u00f6jlighet f\u00f6r arbetsgivare<\/h3>\n\n\n\n<p>Kaikki T\u00f6ihin 26 \u00e4r ett tillf\u00e4lle f\u00f6r arbetsgivare att hitta motiverade medarbetare till olika arbetsuppgifter och att st\u00e4rka m\u00e5ngfalden i arbetsgemenskapen. Under evenemanget f\u00e5r arbetsgivare information om hur arbetsuppgifter kan struktureras eller anpassas p\u00e5 ett s\u00e4tt som har en positiv inverkan p\u00e5 arbetsgemenskapen, den anst\u00e4llda och samh\u00e4llet i stort.<\/p>\n\n\n\n<p>P\u00e5 evenemanget f\u00e5r arbetsgivare m\u00f6jlighet att diskutera direkt med arbetss\u00f6kande och arbetscoacher samt ta del av vilken typ av st\u00f6d arbetscoaching kan erbjuda i olika skeden av rekryteringsprocessen. Arbetscoaching s\u00e4nker tr\u00f6skeln f\u00f6r anst\u00e4llning och hj\u00e4lper till att hitta praktiska l\u00f6sningar som fungerar ur b\u00e5de arbetsgivarens och arbetstagarens perspektiv.<\/p>\n\n\n\n<p>Evenemanget erbjuder dessutom aktuell information om olika former av ekonomiskt st\u00f6d och incitament som kan vara tillg\u00e4ngliga f\u00f6r arbetsgivare vid anst\u00e4llning av personer med partiell arbetsf\u00f6rm\u00e5ga. I samtal med experter \u00e4r det m\u00f6jligt att reda ut vilka st\u00f6dformer som kan vara aktuella i den egna situationen och hur ans\u00f6kningsprocessen ser ut i praktiken.<\/p>\n\n\n\n<h3 class=\"wp-block-heading\">Vem \u00e4r evenemanget f\u00f6r?<\/h3>\n\n\n\n<p><em><strong><a href=\"https:\/\/kaikkitoihin.fi\/\">Kaikki T\u00f6ihin 26 <\/a><\/strong><\/em>\u00e4r \u00f6ppet f\u00f6r alla som vill diskutera syssels\u00e4ttning, n\u00e4tverka med serviceleverant\u00f6rer och arbetsgivare eller f\u00e5 ny energi i sitt eget arbetss\u00f6kande. F\u00f6r arbetss\u00f6kande erbjuder evenemanget en l\u00e5gtr\u00f6skelm\u00f6jlighet att presentera sin kompetens och motivation f\u00f6r arbetsgivare.<\/p>\n\n\n\n<h3 class=\"wp-block-heading\"><strong>I programmet bland annat:<\/strong><\/h3>\n\n\n\n<p><strong>Seminarieprogram kl. 12\u201313<\/strong><\/p>\n\n\n\n<ul class=\"wp-block-list\">\n<li>Inledningsanf\u00f6rande<\/li>\n\n\n\n<li>Anf\u00f6rande av evenemangets beskyddare, Finlands F\u00f6retagares verkst\u00e4llande direkt\u00f6r Mikael Pentik\u00e4inen<\/li>\n\n\n\n<li>Paneldiskussion ur arbetsgivarens, arbetss\u00f6kandens och coachens perspektiv<\/li>\n<\/ul>\n\n\n\n<p><strong>Utst\u00e4llare och n\u00e4tverkande kl. 13\u201315<\/strong><\/p>\n\n\n\n<ul class=\"wp-block-list\">\n<li>M\u00f6jlighet att bekanta sig med olika tj\u00e4nster som fr\u00e4mjar syssels\u00e4ttning, arbetsgivare samt konkreta arbetsm\u00f6jligheter och st\u00f6dmodeller.<\/li>\n<\/ul>\n\n\n\n<p>Evenemanget st\u00f6der s\u00e4rskilt syssels\u00e4ttningen av personer med partiell arbetsf\u00f6rm\u00e5ga, men erbjuder merv\u00e4rde f\u00f6r alla parter: arbetss\u00f6kande, arbetsgivare och arbetsgemenskaper.<\/p>\n\n\n\n<h3 class=\"wp-block-heading\">Anm\u00e4l dig nu \u2013 b\u00f6rja \u00e5r 2026 med nya m\u00f6jligheter<\/h3>\n\n\n\n<p>Anm\u00e4lan till <strong><em><a href=\"https:\/\/kaikkitoihin.fi\" target=\"_blank\" rel=\"noreferrer noopener\">Kaikki T\u00f6ihin 26<\/a><\/em><\/strong>-evenemanget \u00e4r nu \u00f6ppen. Det nya \u00e5ret \u00e4r ett utm\u00e4rkt tillf\u00e4lle att hitta nya medarbetare, anpassa arbetsuppgifter och bygga ett arbetsliv d\u00e4r allas kompetens tas till vara.<\/p>\n\n\n\n<p><\/p>\n<div style=\"margin: 20px 0;\"><div class=\"qrcswholewtapper\" style=\"text-align:left;\"><div class=\"qrcprowrapper\"  id=\"qrcwraa2leds\"><div class=\"qrc_canvass\" id=\"qrc_cuttenpages_2\" style=\"display:none\" data-text=\"https:\/\/niemikoti.fi\/sv\/det-nya-aret-borjar-pa-basta-satt-anmal-dig-till-kaikki-toihin-evenemanget\/\"><\/div><div><a download=\"Det nya \u00e5ret b\u00f6rjar p\u00e5 b\u00e4sta s\u00e4tt \u2013 anm\u00e4l dig till Kaikki T\u00f6ihin-evenemanget.png\" class=\"qrcdownloads\" id=\"worign\">\r\n           <button type=\"button\" style=\"min-width:200px;background:#c8fd8c;color:#000;font-weight: 600;border: 1px solid #dddddd;border-radius:4px;font-size:12px;padding: 6px 0;\" class=\"uqr_code_btn\">Lataa QR-koodi<\/button>\r\n           <\/a><\/div><\/div><\/div><\/div>","protected":false},"excerpt":{"rendered":"<p>Niemikotis\u00e4\u00e4ti\u00f6n Valtti Valmennus deltar f\u00f6r fj\u00e4rde g\u00e5ngen i arrangemangen av rekryteringsevenemanget Kaikki T\u00f6ihin, som erbjuder en unik m\u00f6jlighet f\u00f6r arbetss\u00f6kande, arbetsgivare och yrkesverksamma inom arbetscoaching att m\u00f6tas i en avslappnad och uppmuntrande atmosf\u00e4r.<\/p>\n","protected":false},"author":2,"featured_media":49573,"comment_status":"closed","ping_status":"open","sticky":false,"template":"","format":"standard","meta":{"_kad_blocks_custom_css":"","_kad_blocks_head_custom_js":"","_kad_blocks_body_custom_js":"","_kad_blocks_footer_custom_js":"","_kad_post_transparent":"","_kad_post_title":"","_kad_post_layout":"","_kad_post_sidebar_id":"","_kad_post_content_style":"","_kad_post_vertical_padding":"","_kad_post_feature":"","_kad_post_feature_position":"","_kad_post_header":false,"_kad_post_footer":false,"_kad_post_classname":"","cybocfi_hide_featured_image":"","footnotes":"","_links_to":"","_links_to_target":""},"categories":[736,845,784],"tags":[],"yksikkokategoria":[114],"sisaltoluokka":[],"class_list":["post-49574","post","type-post","status-publish","format-standard","has-post-thumbnail","hentry","category-okategoriserad","category-funktionsinriktad-rehabilitering","category-tranings-och-arbetsverksamhet","yksikkokategoria-valtti"],"yoast_head":"<!-- This site is optimized with the Yoast SEO plugin v27.4 - https:\/\/yoast.com\/product\/yoast-seo-wordpress\/ -->\n<title>Det nya \u00e5ret b\u00f6rjar p\u00e5 b\u00e4sta s\u00e4tt \u2013 anm\u00e4l dig till Kaikki T\u00f6ihin-evenemanget - Niemikotis\u00e4\u00e4ti\u00f6<\/title>\n<meta name=\"robots\" content=\"index, follow, max-snippet:-1, max-image-preview:large, max-video-preview:-1\" \/>\n<link rel=\"canonical\" href=\"https:\/\/niemikoti.fi\/sv\/det-nya-aret-borjar-pa-basta-satt-anmal-dig-till-kaikki-toihin-evenemanget\/\" \/>\n<meta property=\"og:locale\" content=\"sv_SE\" \/>\n<meta property=\"og:type\" content=\"article\" \/>\n<meta property=\"og:title\" content=\"Det nya \u00e5ret b\u00f6rjar p\u00e5 b\u00e4sta s\u00e4tt \u2013 anm\u00e4l dig till Kaikki T\u00f6ihin-evenemanget - Niemikotis\u00e4\u00e4ti\u00f6\" \/>\n<meta property=\"og:description\" content=\"Niemikotis\u00e4\u00e4ti\u00f6n Valtti Valmennus deltar f\u00f6r fj\u00e4rde g\u00e5ngen i arrangemangen av rekryteringsevenemanget Kaikki T\u00f6ihin, som erbjuder en unik m\u00f6jlighet f\u00f6r arbetss\u00f6kande, arbetsgivare och yrkesverksamma inom arbetscoaching att m\u00f6tas i en avslappnad och uppmuntrande atmosf\u00e4r.\" \/>\n<meta property=\"og:url\" content=\"https:\/\/niemikoti.fi\/sv\/det-nya-aret-borjar-pa-basta-satt-anmal-dig-till-kaikki-toihin-evenemanget\/\" \/>\n<meta property=\"og:site_name\" content=\"Niemikotis\u00e4\u00e4ti\u00f6\" \/>\n<meta property=\"article:publisher\" content=\"https:\/\/www.facebook.com\/niemikoti\" \/>\n<meta property=\"article:published_time\" content=\"2026-01-05T05:27:08+00:00\" \/>\n<meta property=\"article:modified_time\" content=\"2026-01-05T06:37:49+00:00\" \/>\n<meta property=\"og:image\" content=\"https:\/\/niemikoti.fi\/wp-content\/uploads\/2025\/12\/Screenshot-2025-12-12-at-14.06.25.png\" \/>\n\t<meta property=\"og:image:width\" content=\"1195\" \/>\n\t<meta property=\"og:image:height\" content=\"693\" \/>\n\t<meta property=\"og:image:type\" content=\"image\/png\" \/>\n<meta name=\"author\" content=\"Niemikotis\u00e4\u00e4ti\u00f6n viestint\u00e4\" \/>\n<meta name=\"twitter:card\" content=\"summary_large_image\" \/>\n<meta name=\"twitter:label1\" content=\"Skriven av\" \/>\n\t<meta name=\"twitter:data1\" content=\"Niemikotis\u00e4\u00e4ti\u00f6n viestint\u00e4\" \/>\n\t<meta name=\"twitter:label2\" content=\"Ber\u00e4knad l\u00e4stid\" \/>\n\t<meta name=\"twitter:data2\" content=\"2 minut\" \/>\n<script type=\"application\/ld+json\" class=\"yoast-schema-graph\">{\"@context\":\"https:\\\/\\\/schema.org\",\"@graph\":[{\"@type\":\"Article\",\"@id\":\"https:\\\/\\\/niemikoti.fi\\\/sv\\\/det-nya-aret-borjar-pa-basta-satt-anmal-dig-till-kaikki-toihin-evenemanget\\\/#article\",\"isPartOf\":{\"@id\":\"https:\\\/\\\/niemikoti.fi\\\/sv\\\/det-nya-aret-borjar-pa-basta-satt-anmal-dig-till-kaikki-toihin-evenemanget\\\/\"},\"author\":{\"name\":\"Niemikotis\u00e4\u00e4ti\u00f6n viestint\u00e4\",\"@id\":\"https:\\\/\\\/niemikoti.fi\\\/#\\\/schema\\\/person\\\/31ffd9d2b2b8647bdd96db96286dc06c\"},\"headline\":\"Det nya \u00e5ret b\u00f6rjar p\u00e5 b\u00e4sta s\u00e4tt \u2013 anm\u00e4l dig till Kaikki T\u00f6ihin-evenemanget\",\"datePublished\":\"2026-01-05T05:27:08+00:00\",\"dateModified\":\"2026-01-05T06:37:49+00:00\",\"mainEntityOfPage\":{\"@id\":\"https:\\\/\\\/niemikoti.fi\\\/sv\\\/det-nya-aret-borjar-pa-basta-satt-anmal-dig-till-kaikki-toihin-evenemanget\\\/\"},\"wordCount\":447,\"publisher\":{\"@id\":\"https:\\\/\\\/niemikoti.fi\\\/#organization\"},\"image\":{\"@id\":\"https:\\\/\\\/niemikoti.fi\\\/sv\\\/det-nya-aret-borjar-pa-basta-satt-anmal-dig-till-kaikki-toihin-evenemanget\\\/#primaryimage\"},\"thumbnailUrl\":\"https:\\\/\\\/niemikoti.fi\\\/wp-content\\\/uploads\\\/2025\\\/12\\\/Screenshot-2025-12-12-at-14.06.25.png\",\"articleSection\":[\"Aktuellt\",\"Funktionsinriktad rehabilitering\",\"Tr\u00e4nings- och arbetsverksamhet\"],\"inLanguage\":\"sv-SE\"},{\"@type\":\"WebPage\",\"@id\":\"https:\\\/\\\/niemikoti.fi\\\/sv\\\/det-nya-aret-borjar-pa-basta-satt-anmal-dig-till-kaikki-toihin-evenemanget\\\/\",\"url\":\"https:\\\/\\\/niemikoti.fi\\\/sv\\\/det-nya-aret-borjar-pa-basta-satt-anmal-dig-till-kaikki-toihin-evenemanget\\\/\",\"name\":\"Det nya \u00e5ret b\u00f6rjar p\u00e5 b\u00e4sta s\u00e4tt \u2013 anm\u00e4l dig till Kaikki T\u00f6ihin-evenemanget - Niemikotis\u00e4\u00e4ti\u00f6\",\"isPartOf\":{\"@id\":\"https:\\\/\\\/niemikoti.fi\\\/#website\"},\"primaryImageOfPage\":{\"@id\":\"https:\\\/\\\/niemikoti.fi\\\/sv\\\/det-nya-aret-borjar-pa-basta-satt-anmal-dig-till-kaikki-toihin-evenemanget\\\/#primaryimage\"},\"image\":{\"@id\":\"https:\\\/\\\/niemikoti.fi\\\/sv\\\/det-nya-aret-borjar-pa-basta-satt-anmal-dig-till-kaikki-toihin-evenemanget\\\/#primaryimage\"},\"thumbnailUrl\":\"https:\\\/\\\/niemikoti.fi\\\/wp-content\\\/uploads\\\/2025\\\/12\\\/Screenshot-2025-12-12-at-14.06.25.png\",\"datePublished\":\"2026-01-05T05:27:08+00:00\",\"dateModified\":\"2026-01-05T06:37:49+00:00\",\"breadcrumb\":{\"@id\":\"https:\\\/\\\/niemikoti.fi\\\/sv\\\/det-nya-aret-borjar-pa-basta-satt-anmal-dig-till-kaikki-toihin-evenemanget\\\/#breadcrumb\"},\"inLanguage\":\"sv-SE\",\"potentialAction\":[{\"@type\":\"ReadAction\",\"target\":[\"https:\\\/\\\/niemikoti.fi\\\/sv\\\/det-nya-aret-borjar-pa-basta-satt-anmal-dig-till-kaikki-toihin-evenemanget\\\/\"]}]},{\"@type\":\"ImageObject\",\"inLanguage\":\"sv-SE\",\"@id\":\"https:\\\/\\\/niemikoti.fi\\\/sv\\\/det-nya-aret-borjar-pa-basta-satt-anmal-dig-till-kaikki-toihin-evenemanget\\\/#primaryimage\",\"url\":\"https:\\\/\\\/niemikoti.fi\\\/wp-content\\\/uploads\\\/2025\\\/12\\\/Screenshot-2025-12-12-at-14.06.25.png\",\"contentUrl\":\"https:\\\/\\\/niemikoti.fi\\\/wp-content\\\/uploads\\\/2025\\\/12\\\/Screenshot-2025-12-12-at-14.06.25.png\",\"width\":1195,\"height\":693,\"caption\":\"Tapahtuman mainos, jossa kerrotaan \\\"Kaikki T\u00f6ihin\\\" -tapahtumasta, sen ajankohdasta ja sijainnista.\"},{\"@type\":\"BreadcrumbList\",\"@id\":\"https:\\\/\\\/niemikoti.fi\\\/sv\\\/det-nya-aret-borjar-pa-basta-satt-anmal-dig-till-kaikki-toihin-evenemanget\\\/#breadcrumb\",\"itemListElement\":[{\"@type\":\"ListItem\",\"position\":1,\"name\":\"Home\",\"item\":\"https:\\\/\\\/niemikoti.fi\\\/sv\\\/\"},{\"@type\":\"ListItem\",\"position\":2,\"name\":\"Det nya \u00e5ret b\u00f6rjar p\u00e5 b\u00e4sta s\u00e4tt \u2013 anm\u00e4l dig till Kaikki T\u00f6ihin-evenemanget\"}]},{\"@type\":\"WebSite\",\"@id\":\"https:\\\/\\\/niemikoti.fi\\\/#website\",\"url\":\"https:\\\/\\\/niemikoti.fi\\\/\",\"name\":\"Niemikotis\u00e4\u00e4ti\u00f6\",\"description\":\"Yhdess\u00e4 jo 40 vuotta\",\"publisher\":{\"@id\":\"https:\\\/\\\/niemikoti.fi\\\/#organization\"},\"potentialAction\":[{\"@type\":\"SearchAction\",\"target\":{\"@type\":\"EntryPoint\",\"urlTemplate\":\"https:\\\/\\\/niemikoti.fi\\\/?s={search_term_string}\"},\"query-input\":{\"@type\":\"PropertyValueSpecification\",\"valueRequired\":true,\"valueName\":\"search_term_string\"}}],\"inLanguage\":\"sv-SE\"},{\"@type\":\"Organization\",\"@id\":\"https:\\\/\\\/niemikoti.fi\\\/#organization\",\"name\":\"Niemikotis\u00e4\u00e4ti\u00f6\",\"url\":\"https:\\\/\\\/niemikoti.fi\\\/\",\"logo\":{\"@type\":\"ImageObject\",\"inLanguage\":\"sv-SE\",\"@id\":\"https:\\\/\\\/niemikoti.fi\\\/#\\\/schema\\\/logo\\\/image\\\/\",\"url\":\"https:\\\/\\\/niemikoti.fi\\\/wp-content\\\/uploads\\\/2023\\\/02\\\/niemikotilogo40v_vaaka.png\",\"contentUrl\":\"https:\\\/\\\/niemikoti.fi\\\/wp-content\\\/uploads\\\/2023\\\/02\\\/niemikotilogo40v_vaaka.png\",\"width\":1147,\"height\":418,\"caption\":\"Niemikotis\u00e4\u00e4ti\u00f6\"},\"image\":{\"@id\":\"https:\\\/\\\/niemikoti.fi\\\/#\\\/schema\\\/logo\\\/image\\\/\"},\"sameAs\":[\"https:\\\/\\\/www.facebook.com\\\/niemikoti\",\"https:\\\/\\\/www.instagram.com\\\/niemikoti\\\/\",\"https:\\\/\\\/www.youtube.com\\\/channel\\\/UCfo6l7q45CD_derGzEH8XGA\"]},{\"@type\":\"Person\",\"@id\":\"https:\\\/\\\/niemikoti.fi\\\/#\\\/schema\\\/person\\\/31ffd9d2b2b8647bdd96db96286dc06c\",\"name\":\"Niemikotis\u00e4\u00e4ti\u00f6n viestint\u00e4\",\"image\":{\"@type\":\"ImageObject\",\"inLanguage\":\"sv-SE\",\"@id\":\"https:\\\/\\\/secure.gravatar.com\\\/avatar\\\/408e1c81a50332d703f9ab205319647097a27e0df578c498cabe8e9753b9afb0?s=96&d=blank&r=g\",\"url\":\"https:\\\/\\\/secure.gravatar.com\\\/avatar\\\/408e1c81a50332d703f9ab205319647097a27e0df578c498cabe8e9753b9afb0?s=96&d=blank&r=g\",\"contentUrl\":\"https:\\\/\\\/secure.gravatar.com\\\/avatar\\\/408e1c81a50332d703f9ab205319647097a27e0df578c498cabe8e9753b9afb0?s=96&d=blank&r=g\",\"caption\":\"Niemikotis\u00e4\u00e4ti\u00f6n viestint\u00e4\"},\"description\":\"Vuonna 1983 perustettu Niemikotis\u00e4\u00e4ti\u00f6 on voittoa tavoittelematon suomalainen verkostoitunut toimija, joka tuottaa monipuolisesti palveluja mielenterveyskuntoutujille. Ehk\u00e4isemme toiminnallamme syrj\u00e4ytymist\u00e4 ja eriarvoisuutta.\",\"url\":\"https:\\\/\\\/niemikoti.fi\\\/sv\\\/author\\\/katjalampela\\\/\"}]}<\/script>\n<!-- \/ Yoast SEO plugin. -->","yoast_head_json":{"title":"Det nya \u00e5ret b\u00f6rjar p\u00e5 b\u00e4sta s\u00e4tt \u2013 anm\u00e4l dig till Kaikki T\u00f6ihin-evenemanget - Niemikotis\u00e4\u00e4ti\u00f6","robots":{"index":"index","follow":"follow","max-snippet":"max-snippet:-1","max-image-preview":"max-image-preview:large","max-video-preview":"max-video-preview:-1"},"canonical":"https:\/\/niemikoti.fi\/sv\/det-nya-aret-borjar-pa-basta-satt-anmal-dig-till-kaikki-toihin-evenemanget\/","og_locale":"sv_SE","og_type":"article","og_title":"Det nya \u00e5ret b\u00f6rjar p\u00e5 b\u00e4sta s\u00e4tt \u2013 anm\u00e4l dig till Kaikki T\u00f6ihin-evenemanget - Niemikotis\u00e4\u00e4ti\u00f6","og_description":"Niemikotis\u00e4\u00e4ti\u00f6n Valtti Valmennus deltar f\u00f6r fj\u00e4rde g\u00e5ngen i arrangemangen av rekryteringsevenemanget Kaikki T\u00f6ihin, som erbjuder en unik m\u00f6jlighet f\u00f6r arbetss\u00f6kande, arbetsgivare och yrkesverksamma inom arbetscoaching att m\u00f6tas i en avslappnad och uppmuntrande atmosf\u00e4r.","og_url":"https:\/\/niemikoti.fi\/sv\/det-nya-aret-borjar-pa-basta-satt-anmal-dig-till-kaikki-toihin-evenemanget\/","og_site_name":"Niemikotis\u00e4\u00e4ti\u00f6","article_publisher":"https:\/\/www.facebook.com\/niemikoti","article_published_time":"2026-01-05T05:27:08+00:00","article_modified_time":"2026-01-05T06:37:49+00:00","og_image":[{"width":1195,"height":693,"url":"https:\/\/niemikoti.fi\/wp-content\/uploads\/2025\/12\/Screenshot-2025-12-12-at-14.06.25.png","type":"image\/png"}],"author":"Niemikotis\u00e4\u00e4ti\u00f6n viestint\u00e4","twitter_card":"summary_large_image","twitter_misc":{"Skriven av":"Niemikotis\u00e4\u00e4ti\u00f6n viestint\u00e4","Ber\u00e4knad l\u00e4stid":"2 minut"},"schema":{"@context":"https:\/\/schema.org","@graph":[{"@type":"Article","@id":"https:\/\/niemikoti.fi\/sv\/det-nya-aret-borjar-pa-basta-satt-anmal-dig-till-kaikki-toihin-evenemanget\/#article","isPartOf":{"@id":"https:\/\/niemikoti.fi\/sv\/det-nya-aret-borjar-pa-basta-satt-anmal-dig-till-kaikki-toihin-evenemanget\/"},"author":{"name":"Niemikotis\u00e4\u00e4ti\u00f6n viestint\u00e4","@id":"https:\/\/niemikoti.fi\/#\/schema\/person\/31ffd9d2b2b8647bdd96db96286dc06c"},"headline":"Det nya \u00e5ret b\u00f6rjar p\u00e5 b\u00e4sta s\u00e4tt \u2013 anm\u00e4l dig till Kaikki T\u00f6ihin-evenemanget","datePublished":"2026-01-05T05:27:08+00:00","dateModified":"2026-01-05T06:37:49+00:00","mainEntityOfPage":{"@id":"https:\/\/niemikoti.fi\/sv\/det-nya-aret-borjar-pa-basta-satt-anmal-dig-till-kaikki-toihin-evenemanget\/"},"wordCount":447,"publisher":{"@id":"https:\/\/niemikoti.fi\/#organization"},"image":{"@id":"https:\/\/niemikoti.fi\/sv\/det-nya-aret-borjar-pa-basta-satt-anmal-dig-till-kaikki-toihin-evenemanget\/#primaryimage"},"thumbnailUrl":"https:\/\/niemikoti.fi\/wp-content\/uploads\/2025\/12\/Screenshot-2025-12-12-at-14.06.25.png","articleSection":["Aktuellt","Funktionsinriktad rehabilitering","Tr\u00e4nings- och arbetsverksamhet"],"inLanguage":"sv-SE"},{"@type":"WebPage","@id":"https:\/\/niemikoti.fi\/sv\/det-nya-aret-borjar-pa-basta-satt-anmal-dig-till-kaikki-toihin-evenemanget\/","url":"https:\/\/niemikoti.fi\/sv\/det-nya-aret-borjar-pa-basta-satt-anmal-dig-till-kaikki-toihin-evenemanget\/","name":"Det nya \u00e5ret b\u00f6rjar p\u00e5 b\u00e4sta s\u00e4tt \u2013 anm\u00e4l dig till Kaikki T\u00f6ihin-evenemanget - Niemikotis\u00e4\u00e4ti\u00f6","isPartOf":{"@id":"https:\/\/niemikoti.fi\/#website"},"primaryImageOfPage":{"@id":"https:\/\/niemikoti.fi\/sv\/det-nya-aret-borjar-pa-basta-satt-anmal-dig-till-kaikki-toihin-evenemanget\/#primaryimage"},"image":{"@id":"https:\/\/niemikoti.fi\/sv\/det-nya-aret-borjar-pa-basta-satt-anmal-dig-till-kaikki-toihin-evenemanget\/#primaryimage"},"thumbnailUrl":"https:\/\/niemikoti.fi\/wp-content\/uploads\/2025\/12\/Screenshot-2025-12-12-at-14.06.25.png","datePublished":"2026-01-05T05:27:08+00:00","dateModified":"2026-01-05T06:37:49+00:00","breadcrumb":{"@id":"https:\/\/niemikoti.fi\/sv\/det-nya-aret-borjar-pa-basta-satt-anmal-dig-till-kaikki-toihin-evenemanget\/#breadcrumb"},"inLanguage":"sv-SE","potentialAction":[{"@type":"ReadAction","target":["https:\/\/niemikoti.fi\/sv\/det-nya-aret-borjar-pa-basta-satt-anmal-dig-till-kaikki-toihin-evenemanget\/"]}]},{"@type":"ImageObject","inLanguage":"sv-SE","@id":"https:\/\/niemikoti.fi\/sv\/det-nya-aret-borjar-pa-basta-satt-anmal-dig-till-kaikki-toihin-evenemanget\/#primaryimage","url":"https:\/\/niemikoti.fi\/wp-content\/uploads\/2025\/12\/Screenshot-2025-12-12-at-14.06.25.png","contentUrl":"https:\/\/niemikoti.fi\/wp-content\/uploads\/2025\/12\/Screenshot-2025-12-12-at-14.06.25.png","width":1195,"height":693,"caption":"Tapahtuman mainos, jossa kerrotaan \"Kaikki T\u00f6ihin\" -tapahtumasta, sen ajankohdasta ja sijainnista."},{"@type":"BreadcrumbList","@id":"https:\/\/niemikoti.fi\/sv\/det-nya-aret-borjar-pa-basta-satt-anmal-dig-till-kaikki-toihin-evenemanget\/#breadcrumb","itemListElement":[{"@type":"ListItem","position":1,"name":"Home","item":"https:\/\/niemikoti.fi\/sv\/"},{"@type":"ListItem","position":2,"name":"Det nya \u00e5ret b\u00f6rjar p\u00e5 b\u00e4sta s\u00e4tt \u2013 anm\u00e4l dig till Kaikki T\u00f6ihin-evenemanget"}]},{"@type":"WebSite","@id":"https:\/\/niemikoti.fi\/#website","url":"https:\/\/niemikoti.fi\/","name":"Niemikotis\u00e4\u00e4ti\u00f6","description":"Yhdess\u00e4 jo 40 vuotta","publisher":{"@id":"https:\/\/niemikoti.fi\/#organization"},"potentialAction":[{"@type":"SearchAction","target":{"@type":"EntryPoint","urlTemplate":"https:\/\/niemikoti.fi\/?s={search_term_string}"},"query-input":{"@type":"PropertyValueSpecification","valueRequired":true,"valueName":"search_term_string"}}],"inLanguage":"sv-SE"},{"@type":"Organization","@id":"https:\/\/niemikoti.fi\/#organization","name":"Niemikotis\u00e4\u00e4ti\u00f6","url":"https:\/\/niemikoti.fi\/","logo":{"@type":"ImageObject","inLanguage":"sv-SE","@id":"https:\/\/niemikoti.fi\/#\/schema\/logo\/image\/","url":"https:\/\/niemikoti.fi\/wp-content\/uploads\/2023\/02\/niemikotilogo40v_vaaka.png","contentUrl":"https:\/\/niemikoti.fi\/wp-content\/uploads\/2023\/02\/niemikotilogo40v_vaaka.png","width":1147,"height":418,"caption":"Niemikotis\u00e4\u00e4ti\u00f6"},"image":{"@id":"https:\/\/niemikoti.fi\/#\/schema\/logo\/image\/"},"sameAs":["https:\/\/www.facebook.com\/niemikoti","https:\/\/www.instagram.com\/niemikoti\/","https:\/\/www.youtube.com\/channel\/UCfo6l7q45CD_derGzEH8XGA"]},{"@type":"Person","@id":"https:\/\/niemikoti.fi\/#\/schema\/person\/31ffd9d2b2b8647bdd96db96286dc06c","name":"Niemikotis\u00e4\u00e4ti\u00f6n viestint\u00e4","image":{"@type":"ImageObject","inLanguage":"sv-SE","@id":"https:\/\/secure.gravatar.com\/avatar\/408e1c81a50332d703f9ab205319647097a27e0df578c498cabe8e9753b9afb0?s=96&d=blank&r=g","url":"https:\/\/secure.gravatar.com\/avatar\/408e1c81a50332d703f9ab205319647097a27e0df578c498cabe8e9753b9afb0?s=96&d=blank&r=g","contentUrl":"https:\/\/secure.gravatar.com\/avatar\/408e1c81a50332d703f9ab205319647097a27e0df578c498cabe8e9753b9afb0?s=96&d=blank&r=g","caption":"Niemikotis\u00e4\u00e4ti\u00f6n viestint\u00e4"},"description":"Vuonna 1983 perustettu Niemikotis\u00e4\u00e4ti\u00f6 on voittoa tavoittelematon suomalainen verkostoitunut toimija, joka tuottaa monipuolisesti palveluja mielenterveyskuntoutujille. Ehk\u00e4isemme toiminnallamme syrj\u00e4ytymist\u00e4 ja eriarvoisuutta.","url":"https:\/\/niemikoti.fi\/sv\/author\/katjalampela\/"}]}},"taxonomy_info":{"category":[{"value":736,"label":"Aktuellt"},{"value":845,"label":"Funktionsinriktad rehabilitering"},{"value":784,"label":"Tr\u00e4nings- och arbetsverksamhet"}],"yksikkokategoria":[{"value":114,"label":"Valtti Valmennus"}]},"featured_image_src_large":["https:\/\/niemikoti.fi\/wp-content\/uploads\/2025\/12\/Screenshot-2025-12-12-at-14.06.25-1024x594.png",1024,594,true],"author_info":{"display_name":"Niemikotis\u00e4\u00e4ti\u00f6n viestint\u00e4","author_link":"https:\/\/niemikoti.fi\/sv\/author\/katjalampela\/"},"comment_info":0,"category_info":[{"term_id":736,"name":"Aktuellt","slug":"okategoriserad","term_group":0,"term_taxonomy_id":736,"taxonomy":"category","description":"","parent":0,"count":38,"filter":"raw","cat_ID":736,"category_count":38,"category_description":"","cat_name":"Aktuellt","category_nicename":"okategoriserad","category_parent":0},{"term_id":845,"name":"Funktionsinriktad rehabilitering","slug":"funktionsinriktad-rehabilitering","term_group":0,"term_taxonomy_id":845,"taxonomy":"category","description":"","parent":0,"count":4,"filter":"raw","cat_ID":845,"category_count":4,"category_description":"","cat_name":"Funktionsinriktad rehabilitering","category_nicename":"funktionsinriktad-rehabilitering","category_parent":0},{"term_id":784,"name":"Tr\u00e4nings- och arbetsverksamhet","slug":"tranings-och-arbetsverksamhet","term_group":0,"term_taxonomy_id":784,"taxonomy":"category","description":"","parent":778,"count":2,"filter":"raw","cat_ID":784,"category_count":2,"category_description":"","cat_name":"Tr\u00e4nings- och arbetsverksamhet","category_nicename":"tranings-och-arbetsverksamhet","category_parent":778}],"tag_info":false,"_links":{"self":[{"href":"https:\/\/niemikoti.fi\/sv\/wp-json\/wp\/v2\/posts\/49574","targetHints":{"allow":["GET"]}}],"collection":[{"href":"https:\/\/niemikoti.fi\/sv\/wp-json\/wp\/v2\/posts"}],"about":[{"href":"https:\/\/niemikoti.fi\/sv\/wp-json\/wp\/v2\/types\/post"}],"author":[{"embeddable":true,"href":"https:\/\/niemikoti.fi\/sv\/wp-json\/wp\/v2\/users\/2"}],"replies":[{"embeddable":true,"href":"https:\/\/niemikoti.fi\/sv\/wp-json\/wp\/v2\/comments?post=49574"}],"version-history":[{"count":3,"href":"https:\/\/niemikoti.fi\/sv\/wp-json\/wp\/v2\/posts\/49574\/revisions"}],"predecessor-version":[{"id":49577,"href":"https:\/\/niemikoti.fi\/sv\/wp-json\/wp\/v2\/posts\/49574\/revisions\/49577"}],"wp:featuredmedia":[{"embeddable":true,"href":"https:\/\/niemikoti.fi\/sv\/wp-json\/wp\/v2\/media\/49573"}],"wp:attachment":[{"href":"https:\/\/niemikoti.fi\/sv\/wp-json\/wp\/v2\/media?parent=49574"}],"wp:term":[{"taxonomy":"category","embeddable":true,"href":"https:\/\/niemikoti.fi\/sv\/wp-json\/wp\/v2\/categories?post=49574"},{"taxonomy":"post_tag","embeddable":true,"href":"https:\/\/niemikoti.fi\/sv\/wp-json\/wp\/v2\/tags?post=49574"},{"taxonomy":"yksikkokategoria","embeddable":true,"href":"https:\/\/niemikoti.fi\/sv\/wp-json\/wp\/v2\/yksikkokategoria?post=49574"},{"taxonomy":"sisaltoluokka","embeddable":true,"href":"https:\/\/niemikoti.fi\/sv\/wp-json\/wp\/v2\/sisaltoluokka?post=49574"}],"curies":[{"name":"wp","href":"https:\/\/api.w.org\/{rel}","templated":true}]}}