{"id":48153,"date":"2025-10-30T12:37:16","date_gmt":"2025-10-30T10:37:16","guid":{"rendered":"https:\/\/niemikoti.fi\/?p=48153"},"modified":"2025-11-03T07:07:34","modified_gmt":"2025-11-03T05:07:34","slug":"otsonpolku-och-ateruthyrningskontoret-flyttar-till-nya-lokaler-i-december","status":"publish","type":"post","link":"https:\/\/niemikoti.fi\/sv\/otsonpolku-och-ateruthyrningskontoret-flyttar-till-nya-lokaler-i-december\/","title":{"rendered":"Otsonpolku och \u00c5teruthyrningskontoret flyttar till nya lokaler i december"},"content":{"rendered":"<style>.kb-row-layout-id48153_72bd63-f8 > .kt-row-column-wrap{align-content:start;}:where(.kb-row-layout-id48153_72bd63-f8 > .kt-row-column-wrap) > .wp-block-kadence-column{justify-content:start;}.kb-row-layout-id48153_72bd63-f8 > .kt-row-column-wrap{column-gap:var(--global-kb-gap-md, 2rem);row-gap:var(--global-kb-gap-md, 2rem);padding-top:var(--global-kb-spacing-sm, 1.5rem);padding-bottom:var(--global-kb-spacing-sm, 1.5rem);grid-template-columns:minmax(0, calc(60% - ((var(--global-kb-gap-md, 2rem) * 1 )\/2)))minmax(0, calc(40% - ((var(--global-kb-gap-md, 2rem) * 1 )\/2)));}.kb-row-layout-id48153_72bd63-f8 > .kt-row-layout-overlay{opacity:0.30;}@media all and (max-width: 1024px){.kb-row-layout-id48153_72bd63-f8 > .kt-row-column-wrap{grid-template-columns:minmax(0, 2fr) minmax(0, 1fr);}}@media all and (max-width: 767px){.kb-row-layout-id48153_72bd63-f8 > .kt-row-column-wrap{grid-template-columns:minmax(0, 1fr);}}<\/style><div class=\"kb-row-layout-wrap kb-row-layout-id48153_72bd63-f8 alignnone wp-block-kadence-rowlayout\"><div class=\"kt-row-column-wrap kt-has-2-columns kt-row-layout-left-golden kt-tab-layout-inherit kt-mobile-layout-row kt-row-valign-top\">\n<style>.kadence-column48153_e00c3b-9a > .kt-inside-inner-col,.kadence-column48153_e00c3b-9a > .kt-inside-inner-col:before{border-top-left-radius:0px;border-top-right-radius:0px;border-bottom-right-radius:0px;border-bottom-left-radius:0px;}.kadence-column48153_e00c3b-9a > .kt-inside-inner-col{column-gap:var(--global-kb-gap-sm, 1rem);}.kadence-column48153_e00c3b-9a > .kt-inside-inner-col{flex-direction:column;}.kadence-column48153_e00c3b-9a > .kt-inside-inner-col > .aligncenter{width:100%;}.kadence-column48153_e00c3b-9a > .kt-inside-inner-col:before{opacity:0.3;}.kadence-column48153_e00c3b-9a{position:relative;}@media all and (max-width: 1024px){.kadence-column48153_e00c3b-9a > .kt-inside-inner-col{flex-direction:column;justify-content:center;}}@media all and (max-width: 767px){.kadence-column48153_e00c3b-9a > .kt-inside-inner-col{flex-direction:column;justify-content:center;}}<\/style>\n<div class=\"wp-block-kadence-column kadence-column48153_e00c3b-9a\"><div class=\"kt-inside-inner-col\">\n<p class=\"has-medium-font-size\">Otsonpolkus st\u00f6dboenden och \u00c5teruthyrningsenhetens kontor flyttar i december 2025 till en ny adress: Kilpolantie 2, 00940 Helsingfors. Huset ligger i Kontula och erbjuder en lugn milj\u00f6 samt goda f\u00f6rbindelser.<\/p>\n\n\n\n<p class=\"has-medium-font-size\">Otsonpolkus ansvariga handledare Satu Rintala har gjort en video som ger en inblick i de kommande lokalerna \u2013 och \u00e4ven videons musik \u00e4r skapad av Satu sj\u00e4lv med hj\u00e4lp av artificiell intelligens.<\/p>\n<\/div><\/div>\n\n\n<style>.kadence-column48153_16013e-c3 > .kt-inside-inner-col{display:flex;}.kadence-column48153_16013e-c3 > .kt-inside-inner-col{padding-top:var(--global-kb-spacing-lg, 3rem);padding-right:var(--global-kb-spacing-lg, 3rem);padding-bottom:var(--global-kb-spacing-lg, 3rem);padding-left:var(--global-kb-spacing-lg, 3rem);}.kadence-column48153_16013e-c3 > .kt-inside-inner-col,.kadence-column48153_16013e-c3 > .kt-inside-inner-col:before{border-top-left-radius:30px;border-top-right-radius:0px;border-bottom-right-radius:30px;border-bottom-left-radius:0px;}.kadence-column48153_16013e-c3 > .kt-inside-inner-col{column-gap:var(--global-kb-gap-sm, 1rem);}.kadence-column48153_16013e-c3 > .kt-inside-inner-col{flex-direction:column;justify-content:center;}.kadence-column48153_16013e-c3 > .kt-inside-inner-col > .aligncenter{width:100%;}.kt-row-column-wrap > .kadence-column48153_16013e-c3{align-self:center;}.kt-inner-column-height-full:not(.kt-has-1-columns) > .wp-block-kadence-column.kadence-column48153_16013e-c3{align-self:auto;}.kt-inner-column-height-full:not(.kt-has-1-columns) > .wp-block-kadence-column.kadence-column48153_16013e-c3 > .kt-inside-inner-col{flex-direction:column;justify-content:center;}.kadence-column48153_16013e-c3 > .kt-inside-inner-col{background-color:rgba(43, 108, 176, 0.22);}.kadence-column48153_16013e-c3 > .kt-inside-inner-col:before{opacity:0.3;}.kadence-column48153_16013e-c3{position:relative;}@media all and (max-width: 1024px){.kt-row-column-wrap > .kadence-column48153_16013e-c3{align-self:center;}}@media all and (max-width: 1024px){.kt-inner-column-height-full:not(.kt-has-1-columns) > .wp-block-kadence-column.kadence-column48153_16013e-c3{align-self:auto;}}@media all and (max-width: 1024px){.kt-inner-column-height-full:not(.kt-has-1-columns) > .wp-block-kadence-column.kadence-column48153_16013e-c3 > .kt-inside-inner-col{flex-direction:column;justify-content:center;}}@media all and (max-width: 1024px){.kadence-column48153_16013e-c3 > .kt-inside-inner-col{flex-direction:column;justify-content:center;}}@media all and (max-width: 767px){.kt-row-column-wrap > .kadence-column48153_16013e-c3{align-self:center;}.kt-inner-column-height-full:not(.kt-has-1-columns) > .wp-block-kadence-column.kadence-column48153_16013e-c3{align-self:auto;}.kt-inner-column-height-full:not(.kt-has-1-columns) > .wp-block-kadence-column.kadence-column48153_16013e-c3 > .kt-inside-inner-col{flex-direction:column;justify-content:center;}.kadence-column48153_16013e-c3 > .kt-inside-inner-col{flex-direction:column;justify-content:center;}}<\/style>\n<div class=\"wp-block-kadence-column kadence-column48153_16013e-c3\"><div class=\"kt-inside-inner-col\">\n<p class=\"has-medium-font-size\">Ny adress efter flytten:<\/p>\n\n\n\n<p class=\"has-medium-font-size\">Kilpolantie 2<br>00940 Helsinki<\/p>\n<\/div><\/div>\n\n<\/div><\/div>\n\n\n<div class=\"tb-youtube\" data-toolset-blocks-youtube=\"253d3b373c10a85e4ec1cddf9b65c9fa\"><div><iframe data-src=\"https:\/\/www.youtube.com\/embed\/yYKoxDsBpHc?rel=0&#038;toolset=1\" frameBorder=\"0\" allow=\"accelerometer; autoplay; encrypted-media; gyroscope; picture-in-picture\" allowfullscreen><\/iframe><\/div><\/div>\n\n\n<style>.kb-row-layout-id48153_4b6c4f-cd > .kt-row-column-wrap{align-content:start;}:where(.kb-row-layout-id48153_4b6c4f-cd > .kt-row-column-wrap) > .wp-block-kadence-column{justify-content:start;}.kb-row-layout-id48153_4b6c4f-cd > .kt-row-column-wrap{column-gap:var(--global-kb-gap-md, 2rem);row-gap:var(--global-kb-gap-md, 2rem);padding-top:var(--global-kb-spacing-sm, 1.5rem);padding-bottom:var(--global-kb-spacing-sm, 1.5rem);grid-template-columns:minmax(0, 1fr);}.kb-row-layout-id48153_4b6c4f-cd > .kt-row-layout-overlay{opacity:0.30;}@media all and (max-width: 1024px){.kb-row-layout-id48153_4b6c4f-cd > .kt-row-column-wrap{grid-template-columns:minmax(0, 1fr);}}@media all and (max-width: 767px){.kb-row-layout-id48153_4b6c4f-cd > .kt-row-column-wrap{grid-template-columns:minmax(0, 1fr);}}<\/style><div class=\"kb-row-layout-wrap kb-row-layout-id48153_4b6c4f-cd alignnone wp-block-kadence-rowlayout\"><div class=\"kt-row-column-wrap kt-has-1-columns kt-row-layout-equal kt-tab-layout-inherit kt-mobile-layout-row kt-row-valign-top\">\n<style>.kadence-column48153_6df747-a8 > .kt-inside-inner-col,.kadence-column48153_6df747-a8 > .kt-inside-inner-col:before{border-top-left-radius:0px;border-top-right-radius:0px;border-bottom-right-radius:0px;border-bottom-left-radius:0px;}.kadence-column48153_6df747-a8 > .kt-inside-inner-col{column-gap:var(--global-kb-gap-sm, 1rem);}.kadence-column48153_6df747-a8 > .kt-inside-inner-col{flex-direction:column;}.kadence-column48153_6df747-a8 > .kt-inside-inner-col > .aligncenter{width:100%;}.kadence-column48153_6df747-a8 > .kt-inside-inner-col:before{opacity:0.3;}.kadence-column48153_6df747-a8{position:relative;}@media all and (max-width: 1024px){.kadence-column48153_6df747-a8 > .kt-inside-inner-col{flex-direction:column;justify-content:center;}}@media all and (max-width: 767px){.kadence-column48153_6df747-a8 > .kt-inside-inner-col{flex-direction:column;justify-content:center;}}<\/style>\n<div class=\"wp-block-kadence-column kadence-column48153_6df747-a8\"><div class=\"kt-inside-inner-col\">\n<h2 class=\"wp-block-heading\">Videober\u00e4ttelse<\/h2>\n\n\n\n<p><strong>Otsonpolku flyttar till Kilpolantie.<\/strong><br>Kilpolantie ligger i Kontula, i ett lugnt omr\u00e5de med goda trafikf\u00f6rbindelser i n\u00e4rheten.<\/p>\n\n\n\n<p>Huset har 19 l\u00e4genheter, varav 14 \u00e4r tv\u00e5or och fem \u00e4r ettor. Det finns \u00e4ven ett gemensamt utrymme, en tv\u00e4ttstuga och en kontorskorridor d\u00e4r Otsonpolkus och \u00c5teruthyrningsenhetens personal kommer att arbeta.<\/p>\n\n\n\n<p>Varje l\u00e4genhet har eget k\u00f6k, balkong och badrum. Inv\u00e5narna f\u00e5r ta emot bes\u00f6kare, som enkelt kan sl\u00e4ppas in via porttelefonen.<\/p>\n\n\n\n<p>Otsonpolkus handledare finns p\u00e5 plats vardagar kl. 8\u201320 och under helger kl. 8\u201316.<\/p>\n\n\n\n<p>Innan inflyttningen kommer alla l\u00e4genheter att f\u00e5 en ytrenovering. Flyttningen sker med hj\u00e4lp av professionella flyttm\u00e4n och bekostas av Stiftelsen Niemikotis\u00e4\u00e4ti\u00f6.<\/p>\n\n\n\n<p>I huset finns ocks\u00e5 ett gemensamt vardagsrum d\u00e4r man kan ordna frivilliga filmkv\u00e4llar, spelstunder och gruppaktiviteter.<\/p>\n\n\n\n<p>M\u00f6ten med den egna handledaren sker huvudsakligen hemma genom hembes\u00f6k. L\u00e4ngden, frekvensen och inneh\u00e5llet i m\u00f6tena anpassas individuellt.<\/p>\n\n\n\n<p>M\u00e5let \u00e4r att regelbundna hembes\u00f6k ska st\u00e4rka boendef\u00e4rdigheterna och orken, s\u00e5 att boendet sm\u00e5ningom kan \u00f6verg\u00e5 till st\u00f6dboende i en spridd l\u00e4genhet.<\/p>\n\n\n\n<p>Efter en tid i st\u00f6dboende, n\u00e4r f\u00e4rdigheterna och sj\u00e4lvst\u00e4ndigheten \u00f6kar, finns m\u00f6jlighet att flytta vidare till en mindre st\u00f6dd boendeform \u2014 \u00e5teruthyrning.<\/p>\n\n\n\n<p>Otsonpolku kommer \u00e4ven fram\u00f6ver att ordna ett \u00e5rligt l\u00e4ger i Iitti samt utflykter och studiebes\u00f6k.<\/p>\n\n\n\n<p>Personalen f\u00f6rblir i stort sett densamma.<br>Fr\u00e5n b\u00f6rjan av december arbetar&nbsp;<strong>Tarja<\/strong>&nbsp;och&nbsp;<strong>Tuomas<\/strong>&nbsp;som handledare i st\u00f6dboendet (spridda l\u00e4genheter).<br>I det gemenskapsboende som ligger p\u00e5 Kilpolantie arbetar&nbsp;<strong>Sanna-Mari<\/strong>,&nbsp;<strong>Mari<\/strong>,&nbsp;<strong>Sari<\/strong>&nbsp;och&nbsp;<strong>Minna<\/strong>.<br><strong>Satu<\/strong>&nbsp;forts\u00e4tter som ansvarig handledare f\u00f6r b\u00e5da boendeformerna.<\/p>\n\n\n\n<p>Boendet p\u00e5 Kilpolantie ger b\u00e4ttre f\u00f6ruts\u00e4ttningar f\u00f6r ett sj\u00e4lvst\u00e4ndigt liv, eftersom boendekostnaderna \u00e4r rimliga. L\u00e4genheterna kan j\u00e4mf\u00f6ras med vanliga hyresbost\u00e4der, men st\u00f6det \u00e4r betydligt mer omfattande \u00e4n i det spridda st\u00f6dboendet.<\/p>\n\n\n\n<hr class=\"wp-block-separator has-alpha-channel-opacity\"\/>\n\n\n\n<p><strong>Musik:<\/strong><br><em>\u201cVoit olla itsest\u00e4si ylpe\u00e4. Me halutaan stigmaa v\u00e4hent\u00e4\u00e4 ja siksi palvelujen tajuaminen on t\u00e4rke\u00e4\u00e4.<br>Ja mik\u00e4 sunkin muistaa pit\u00e4\u00e4? Sairastunut voi olla kuka tahansa meist\u00e4.<br>Toipuminen tarkoittaa el\u00e4m\u00e4\u00e4 merkityksellist\u00e4, oman identiteetin l\u00f6ytymist\u00e4, uskoa, toivoa ja luottamusta tulevaan \u2013 valoa ja voimaa omaan maailmaan. Osallisuus on t\u00e4rke\u00e4\u00e4. T\u00e4\u00e4 kaikki toipumisorientaation kiteytt\u00e4\u00e4.\u201d<\/em><\/p>\n<\/div><\/div>\n\n<\/div><\/div><div style=\"margin: 20px 0;\"><div class=\"qrcswholewtapper\" style=\"text-align:left;\"><div class=\"qrcprowrapper\"  id=\"qrcwraa2leds\"><div class=\"qrc_canvass\" id=\"qrc_cuttenpages_2\" style=\"display:none\" data-text=\"https:\/\/niemikoti.fi\/sv\/otsonpolku-och-ateruthyrningskontoret-flyttar-till-nya-lokaler-i-december\/\"><\/div><div><a download=\"Otsonpolku och \u00c5teruthyrningskontoret flyttar till nya lokaler i december.png\" class=\"qrcdownloads\" id=\"worign\">\r\n           <button type=\"button\" style=\"min-width:200px;background:#c8fd8c;color:#000;font-weight: 600;border: 1px solid #dddddd;border-radius:4px;font-size:12px;padding: 6px 0;\" class=\"uqr_code_btn\">Lataa QR-koodi<\/button>\r\n           <\/a><\/div><\/div><\/div><\/div>","protected":false},"excerpt":{"rendered":"<p>Otsonpolkus st\u00f6dboenden och \u00c5teruthyrningsenhetens kontor flyttar i december 2025 till en ny adress: Kilpolantie 2, 00940 Helsingfors. Huset ligger i Kontula och erbjuder en lugn milj\u00f6 samt goda f\u00f6rbindelser. Otsonpolkus ansvariga&#8230;<\/p>\n","protected":false},"author":2,"featured_media":48152,"comment_status":"closed","ping_status":"open","sticky":false,"template":"","format":"standard","meta":{"_kad_blocks_custom_css":"","_kad_blocks_head_custom_js":"","_kad_blocks_body_custom_js":"","_kad_blocks_footer_custom_js":"","_kad_post_transparent":"","_kad_post_title":"","_kad_post_layout":"","_kad_post_sidebar_id":"","_kad_post_content_style":"","_kad_post_vertical_padding":"","_kad_post_feature":"","_kad_post_feature_position":"","_kad_post_header":false,"_kad_post_footer":false,"_kad_post_classname":"","cybocfi_hide_featured_image":"","footnotes":"","_links_to":"","_links_to_target":""},"categories":[736,833],"tags":[],"yksikkokategoria":[],"sisaltoluokka":[],"class_list":["post-48153","post","type-post","status-publish","format-standard","has-post-thumbnail","hentry","category-okategoriserad","category-boenderehabilitering"],"yoast_head":"<!-- This site is optimized with the Yoast SEO plugin v27.4 - https:\/\/yoast.com\/product\/yoast-seo-wordpress\/ -->\n<title>Otsonpolku och \u00c5teruthyrningskontoret flyttar till nya lokaler i december - Niemikotis\u00e4\u00e4ti\u00f6<\/title>\n<meta name=\"robots\" content=\"index, follow, max-snippet:-1, max-image-preview:large, max-video-preview:-1\" \/>\n<link rel=\"canonical\" href=\"https:\/\/niemikoti.fi\/sv\/otsonpolku-och-ateruthyrningskontoret-flyttar-till-nya-lokaler-i-december\/\" \/>\n<meta property=\"og:locale\" content=\"sv_SE\" \/>\n<meta property=\"og:type\" content=\"article\" \/>\n<meta property=\"og:title\" content=\"Otsonpolku och \u00c5teruthyrningskontoret flyttar till nya lokaler i december - Niemikotis\u00e4\u00e4ti\u00f6\" \/>\n<meta property=\"og:description\" content=\"Otsonpolkus st\u00f6dboenden och \u00c5teruthyrningsenhetens kontor flyttar i december 2025 till en ny adress: Kilpolantie 2, 00940 Helsingfors. Huset ligger i Kontula och erbjuder en lugn milj\u00f6 samt goda f\u00f6rbindelser. Otsonpolkus ansvariga...\" \/>\n<meta property=\"og:url\" content=\"https:\/\/niemikoti.fi\/sv\/otsonpolku-och-ateruthyrningskontoret-flyttar-till-nya-lokaler-i-december\/\" \/>\n<meta property=\"og:site_name\" content=\"Niemikotis\u00e4\u00e4ti\u00f6\" \/>\n<meta property=\"article:publisher\" content=\"https:\/\/www.facebook.com\/niemikoti\" \/>\n<meta property=\"article:published_time\" content=\"2025-10-30T10:37:16+00:00\" \/>\n<meta property=\"article:modified_time\" content=\"2025-11-03T05:07:34+00:00\" \/>\n<meta property=\"og:image\" content=\"https:\/\/niemikoti.fi\/wp-content\/uploads\/2025\/10\/Screenshot-2025-10-30-at-12.36.19.png\" \/>\n\t<meta property=\"og:image:width\" content=\"1415\" \/>\n\t<meta property=\"og:image:height\" content=\"853\" \/>\n\t<meta property=\"og:image:type\" content=\"image\/png\" \/>\n<meta name=\"author\" content=\"Niemikotis\u00e4\u00e4ti\u00f6n viestint\u00e4\" \/>\n<meta name=\"twitter:card\" content=\"summary_large_image\" \/>\n<meta name=\"twitter:label1\" content=\"Skriven av\" \/>\n\t<meta name=\"twitter:data1\" content=\"Niemikotis\u00e4\u00e4ti\u00f6n viestint\u00e4\" \/>\n\t<meta name=\"twitter:label2\" content=\"Ber\u00e4knad l\u00e4stid\" \/>\n\t<meta name=\"twitter:data2\" content=\"2 minut\" \/>\n<script type=\"application\/ld+json\" class=\"yoast-schema-graph\">{\"@context\":\"https:\\\/\\\/schema.org\",\"@graph\":[{\"@type\":\"Article\",\"@id\":\"https:\\\/\\\/niemikoti.fi\\\/sv\\\/otsonpolku-och-ateruthyrningskontoret-flyttar-till-nya-lokaler-i-december\\\/#article\",\"isPartOf\":{\"@id\":\"https:\\\/\\\/niemikoti.fi\\\/sv\\\/otsonpolku-och-ateruthyrningskontoret-flyttar-till-nya-lokaler-i-december\\\/\"},\"author\":{\"name\":\"Niemikotis\u00e4\u00e4ti\u00f6n viestint\u00e4\",\"@id\":\"https:\\\/\\\/niemikoti.fi\\\/#\\\/schema\\\/person\\\/31ffd9d2b2b8647bdd96db96286dc06c\"},\"headline\":\"Otsonpolku och \u00c5teruthyrningskontoret flyttar till nya lokaler i december\",\"datePublished\":\"2025-10-30T10:37:16+00:00\",\"dateModified\":\"2025-11-03T05:07:34+00:00\",\"mainEntityOfPage\":{\"@id\":\"https:\\\/\\\/niemikoti.fi\\\/sv\\\/otsonpolku-och-ateruthyrningskontoret-flyttar-till-nya-lokaler-i-december\\\/\"},\"wordCount\":475,\"publisher\":{\"@id\":\"https:\\\/\\\/niemikoti.fi\\\/#organization\"},\"image\":{\"@id\":\"https:\\\/\\\/niemikoti.fi\\\/sv\\\/otsonpolku-och-ateruthyrningskontoret-flyttar-till-nya-lokaler-i-december\\\/#primaryimage\"},\"thumbnailUrl\":\"https:\\\/\\\/niemikoti.fi\\\/wp-content\\\/uploads\\\/2025\\\/10\\\/Screenshot-2025-10-30-at-12.36.19.png\",\"articleSection\":[\"Aktuellt\",\"Boenderehabilitering\"],\"inLanguage\":\"sv-SE\"},{\"@type\":\"WebPage\",\"@id\":\"https:\\\/\\\/niemikoti.fi\\\/sv\\\/otsonpolku-och-ateruthyrningskontoret-flyttar-till-nya-lokaler-i-december\\\/\",\"url\":\"https:\\\/\\\/niemikoti.fi\\\/sv\\\/otsonpolku-och-ateruthyrningskontoret-flyttar-till-nya-lokaler-i-december\\\/\",\"name\":\"Otsonpolku och \u00c5teruthyrningskontoret flyttar till nya lokaler i december - Niemikotis\u00e4\u00e4ti\u00f6\",\"isPartOf\":{\"@id\":\"https:\\\/\\\/niemikoti.fi\\\/#website\"},\"primaryImageOfPage\":{\"@id\":\"https:\\\/\\\/niemikoti.fi\\\/sv\\\/otsonpolku-och-ateruthyrningskontoret-flyttar-till-nya-lokaler-i-december\\\/#primaryimage\"},\"image\":{\"@id\":\"https:\\\/\\\/niemikoti.fi\\\/sv\\\/otsonpolku-och-ateruthyrningskontoret-flyttar-till-nya-lokaler-i-december\\\/#primaryimage\"},\"thumbnailUrl\":\"https:\\\/\\\/niemikoti.fi\\\/wp-content\\\/uploads\\\/2025\\\/10\\\/Screenshot-2025-10-30-at-12.36.19.png\",\"datePublished\":\"2025-10-30T10:37:16+00:00\",\"dateModified\":\"2025-11-03T05:07:34+00:00\",\"breadcrumb\":{\"@id\":\"https:\\\/\\\/niemikoti.fi\\\/sv\\\/otsonpolku-och-ateruthyrningskontoret-flyttar-till-nya-lokaler-i-december\\\/#breadcrumb\"},\"inLanguage\":\"sv-SE\",\"potentialAction\":[{\"@type\":\"ReadAction\",\"target\":[\"https:\\\/\\\/niemikoti.fi\\\/sv\\\/otsonpolku-och-ateruthyrningskontoret-flyttar-till-nya-lokaler-i-december\\\/\"]}]},{\"@type\":\"ImageObject\",\"inLanguage\":\"sv-SE\",\"@id\":\"https:\\\/\\\/niemikoti.fi\\\/sv\\\/otsonpolku-och-ateruthyrningskontoret-flyttar-till-nya-lokaler-i-december\\\/#primaryimage\",\"url\":\"https:\\\/\\\/niemikoti.fi\\\/wp-content\\\/uploads\\\/2025\\\/10\\\/Screenshot-2025-10-30-at-12.36.19.png\",\"contentUrl\":\"https:\\\/\\\/niemikoti.fi\\\/wp-content\\\/uploads\\\/2025\\\/10\\\/Screenshot-2025-10-30-at-12.36.19.png\",\"width\":1415,\"height\":853,\"caption\":\"Moderni, vaaleaksi maalattu asuinrakennus, jossa on parvekkeita ja ymp\u00e4rill\u00e4 vihreit\u00e4 puita.\"},{\"@type\":\"BreadcrumbList\",\"@id\":\"https:\\\/\\\/niemikoti.fi\\\/sv\\\/otsonpolku-och-ateruthyrningskontoret-flyttar-till-nya-lokaler-i-december\\\/#breadcrumb\",\"itemListElement\":[{\"@type\":\"ListItem\",\"position\":1,\"name\":\"Home\",\"item\":\"https:\\\/\\\/niemikoti.fi\\\/sv\\\/\"},{\"@type\":\"ListItem\",\"position\":2,\"name\":\"Otsonpolku och \u00c5teruthyrningskontoret flyttar till nya lokaler i december\"}]},{\"@type\":\"WebSite\",\"@id\":\"https:\\\/\\\/niemikoti.fi\\\/#website\",\"url\":\"https:\\\/\\\/niemikoti.fi\\\/\",\"name\":\"Niemikotis\u00e4\u00e4ti\u00f6\",\"description\":\"Yhdess\u00e4 jo 40 vuotta\",\"publisher\":{\"@id\":\"https:\\\/\\\/niemikoti.fi\\\/#organization\"},\"potentialAction\":[{\"@type\":\"SearchAction\",\"target\":{\"@type\":\"EntryPoint\",\"urlTemplate\":\"https:\\\/\\\/niemikoti.fi\\\/?s={search_term_string}\"},\"query-input\":{\"@type\":\"PropertyValueSpecification\",\"valueRequired\":true,\"valueName\":\"search_term_string\"}}],\"inLanguage\":\"sv-SE\"},{\"@type\":\"Organization\",\"@id\":\"https:\\\/\\\/niemikoti.fi\\\/#organization\",\"name\":\"Niemikotis\u00e4\u00e4ti\u00f6\",\"url\":\"https:\\\/\\\/niemikoti.fi\\\/\",\"logo\":{\"@type\":\"ImageObject\",\"inLanguage\":\"sv-SE\",\"@id\":\"https:\\\/\\\/niemikoti.fi\\\/#\\\/schema\\\/logo\\\/image\\\/\",\"url\":\"https:\\\/\\\/niemikoti.fi\\\/wp-content\\\/uploads\\\/2023\\\/02\\\/niemikotilogo40v_vaaka.png\",\"contentUrl\":\"https:\\\/\\\/niemikoti.fi\\\/wp-content\\\/uploads\\\/2023\\\/02\\\/niemikotilogo40v_vaaka.png\",\"width\":1147,\"height\":418,\"caption\":\"Niemikotis\u00e4\u00e4ti\u00f6\"},\"image\":{\"@id\":\"https:\\\/\\\/niemikoti.fi\\\/#\\\/schema\\\/logo\\\/image\\\/\"},\"sameAs\":[\"https:\\\/\\\/www.facebook.com\\\/niemikoti\",\"https:\\\/\\\/www.instagram.com\\\/niemikoti\\\/\",\"https:\\\/\\\/www.youtube.com\\\/channel\\\/UCfo6l7q45CD_derGzEH8XGA\"]},{\"@type\":\"Person\",\"@id\":\"https:\\\/\\\/niemikoti.fi\\\/#\\\/schema\\\/person\\\/31ffd9d2b2b8647bdd96db96286dc06c\",\"name\":\"Niemikotis\u00e4\u00e4ti\u00f6n viestint\u00e4\",\"image\":{\"@type\":\"ImageObject\",\"inLanguage\":\"sv-SE\",\"@id\":\"https:\\\/\\\/secure.gravatar.com\\\/avatar\\\/408e1c81a50332d703f9ab205319647097a27e0df578c498cabe8e9753b9afb0?s=96&d=blank&r=g\",\"url\":\"https:\\\/\\\/secure.gravatar.com\\\/avatar\\\/408e1c81a50332d703f9ab205319647097a27e0df578c498cabe8e9753b9afb0?s=96&d=blank&r=g\",\"contentUrl\":\"https:\\\/\\\/secure.gravatar.com\\\/avatar\\\/408e1c81a50332d703f9ab205319647097a27e0df578c498cabe8e9753b9afb0?s=96&d=blank&r=g\",\"caption\":\"Niemikotis\u00e4\u00e4ti\u00f6n viestint\u00e4\"},\"description\":\"Vuonna 1983 perustettu Niemikotis\u00e4\u00e4ti\u00f6 on voittoa tavoittelematon suomalainen verkostoitunut toimija, joka tuottaa monipuolisesti palveluja mielenterveyskuntoutujille. Ehk\u00e4isemme toiminnallamme syrj\u00e4ytymist\u00e4 ja eriarvoisuutta.\",\"url\":\"https:\\\/\\\/niemikoti.fi\\\/sv\\\/author\\\/katjalampela\\\/\"}]}<\/script>\n<!-- \/ Yoast SEO plugin. -->","yoast_head_json":{"title":"Otsonpolku och \u00c5teruthyrningskontoret flyttar till nya lokaler i december - Niemikotis\u00e4\u00e4ti\u00f6","robots":{"index":"index","follow":"follow","max-snippet":"max-snippet:-1","max-image-preview":"max-image-preview:large","max-video-preview":"max-video-preview:-1"},"canonical":"https:\/\/niemikoti.fi\/sv\/otsonpolku-och-ateruthyrningskontoret-flyttar-till-nya-lokaler-i-december\/","og_locale":"sv_SE","og_type":"article","og_title":"Otsonpolku och \u00c5teruthyrningskontoret flyttar till nya lokaler i december - Niemikotis\u00e4\u00e4ti\u00f6","og_description":"Otsonpolkus st\u00f6dboenden och \u00c5teruthyrningsenhetens kontor flyttar i december 2025 till en ny adress: Kilpolantie 2, 00940 Helsingfors. Huset ligger i Kontula och erbjuder en lugn milj\u00f6 samt goda f\u00f6rbindelser. Otsonpolkus ansvariga...","og_url":"https:\/\/niemikoti.fi\/sv\/otsonpolku-och-ateruthyrningskontoret-flyttar-till-nya-lokaler-i-december\/","og_site_name":"Niemikotis\u00e4\u00e4ti\u00f6","article_publisher":"https:\/\/www.facebook.com\/niemikoti","article_published_time":"2025-10-30T10:37:16+00:00","article_modified_time":"2025-11-03T05:07:34+00:00","og_image":[{"width":1415,"height":853,"url":"https:\/\/niemikoti.fi\/wp-content\/uploads\/2025\/10\/Screenshot-2025-10-30-at-12.36.19.png","type":"image\/png"}],"author":"Niemikotis\u00e4\u00e4ti\u00f6n viestint\u00e4","twitter_card":"summary_large_image","twitter_misc":{"Skriven av":"Niemikotis\u00e4\u00e4ti\u00f6n viestint\u00e4","Ber\u00e4knad l\u00e4stid":"2 minut"},"schema":{"@context":"https:\/\/schema.org","@graph":[{"@type":"Article","@id":"https:\/\/niemikoti.fi\/sv\/otsonpolku-och-ateruthyrningskontoret-flyttar-till-nya-lokaler-i-december\/#article","isPartOf":{"@id":"https:\/\/niemikoti.fi\/sv\/otsonpolku-och-ateruthyrningskontoret-flyttar-till-nya-lokaler-i-december\/"},"author":{"name":"Niemikotis\u00e4\u00e4ti\u00f6n viestint\u00e4","@id":"https:\/\/niemikoti.fi\/#\/schema\/person\/31ffd9d2b2b8647bdd96db96286dc06c"},"headline":"Otsonpolku och \u00c5teruthyrningskontoret flyttar till nya lokaler i december","datePublished":"2025-10-30T10:37:16+00:00","dateModified":"2025-11-03T05:07:34+00:00","mainEntityOfPage":{"@id":"https:\/\/niemikoti.fi\/sv\/otsonpolku-och-ateruthyrningskontoret-flyttar-till-nya-lokaler-i-december\/"},"wordCount":475,"publisher":{"@id":"https:\/\/niemikoti.fi\/#organization"},"image":{"@id":"https:\/\/niemikoti.fi\/sv\/otsonpolku-och-ateruthyrningskontoret-flyttar-till-nya-lokaler-i-december\/#primaryimage"},"thumbnailUrl":"https:\/\/niemikoti.fi\/wp-content\/uploads\/2025\/10\/Screenshot-2025-10-30-at-12.36.19.png","articleSection":["Aktuellt","Boenderehabilitering"],"inLanguage":"sv-SE"},{"@type":"WebPage","@id":"https:\/\/niemikoti.fi\/sv\/otsonpolku-och-ateruthyrningskontoret-flyttar-till-nya-lokaler-i-december\/","url":"https:\/\/niemikoti.fi\/sv\/otsonpolku-och-ateruthyrningskontoret-flyttar-till-nya-lokaler-i-december\/","name":"Otsonpolku och \u00c5teruthyrningskontoret flyttar till nya lokaler i december - Niemikotis\u00e4\u00e4ti\u00f6","isPartOf":{"@id":"https:\/\/niemikoti.fi\/#website"},"primaryImageOfPage":{"@id":"https:\/\/niemikoti.fi\/sv\/otsonpolku-och-ateruthyrningskontoret-flyttar-till-nya-lokaler-i-december\/#primaryimage"},"image":{"@id":"https:\/\/niemikoti.fi\/sv\/otsonpolku-och-ateruthyrningskontoret-flyttar-till-nya-lokaler-i-december\/#primaryimage"},"thumbnailUrl":"https:\/\/niemikoti.fi\/wp-content\/uploads\/2025\/10\/Screenshot-2025-10-30-at-12.36.19.png","datePublished":"2025-10-30T10:37:16+00:00","dateModified":"2025-11-03T05:07:34+00:00","breadcrumb":{"@id":"https:\/\/niemikoti.fi\/sv\/otsonpolku-och-ateruthyrningskontoret-flyttar-till-nya-lokaler-i-december\/#breadcrumb"},"inLanguage":"sv-SE","potentialAction":[{"@type":"ReadAction","target":["https:\/\/niemikoti.fi\/sv\/otsonpolku-och-ateruthyrningskontoret-flyttar-till-nya-lokaler-i-december\/"]}]},{"@type":"ImageObject","inLanguage":"sv-SE","@id":"https:\/\/niemikoti.fi\/sv\/otsonpolku-och-ateruthyrningskontoret-flyttar-till-nya-lokaler-i-december\/#primaryimage","url":"https:\/\/niemikoti.fi\/wp-content\/uploads\/2025\/10\/Screenshot-2025-10-30-at-12.36.19.png","contentUrl":"https:\/\/niemikoti.fi\/wp-content\/uploads\/2025\/10\/Screenshot-2025-10-30-at-12.36.19.png","width":1415,"height":853,"caption":"Moderni, vaaleaksi maalattu asuinrakennus, jossa on parvekkeita ja ymp\u00e4rill\u00e4 vihreit\u00e4 puita."},{"@type":"BreadcrumbList","@id":"https:\/\/niemikoti.fi\/sv\/otsonpolku-och-ateruthyrningskontoret-flyttar-till-nya-lokaler-i-december\/#breadcrumb","itemListElement":[{"@type":"ListItem","position":1,"name":"Home","item":"https:\/\/niemikoti.fi\/sv\/"},{"@type":"ListItem","position":2,"name":"Otsonpolku och \u00c5teruthyrningskontoret flyttar till nya lokaler i december"}]},{"@type":"WebSite","@id":"https:\/\/niemikoti.fi\/#website","url":"https:\/\/niemikoti.fi\/","name":"Niemikotis\u00e4\u00e4ti\u00f6","description":"Yhdess\u00e4 jo 40 vuotta","publisher":{"@id":"https:\/\/niemikoti.fi\/#organization"},"potentialAction":[{"@type":"SearchAction","target":{"@type":"EntryPoint","urlTemplate":"https:\/\/niemikoti.fi\/?s={search_term_string}"},"query-input":{"@type":"PropertyValueSpecification","valueRequired":true,"valueName":"search_term_string"}}],"inLanguage":"sv-SE"},{"@type":"Organization","@id":"https:\/\/niemikoti.fi\/#organization","name":"Niemikotis\u00e4\u00e4ti\u00f6","url":"https:\/\/niemikoti.fi\/","logo":{"@type":"ImageObject","inLanguage":"sv-SE","@id":"https:\/\/niemikoti.fi\/#\/schema\/logo\/image\/","url":"https:\/\/niemikoti.fi\/wp-content\/uploads\/2023\/02\/niemikotilogo40v_vaaka.png","contentUrl":"https:\/\/niemikoti.fi\/wp-content\/uploads\/2023\/02\/niemikotilogo40v_vaaka.png","width":1147,"height":418,"caption":"Niemikotis\u00e4\u00e4ti\u00f6"},"image":{"@id":"https:\/\/niemikoti.fi\/#\/schema\/logo\/image\/"},"sameAs":["https:\/\/www.facebook.com\/niemikoti","https:\/\/www.instagram.com\/niemikoti\/","https:\/\/www.youtube.com\/channel\/UCfo6l7q45CD_derGzEH8XGA"]},{"@type":"Person","@id":"https:\/\/niemikoti.fi\/#\/schema\/person\/31ffd9d2b2b8647bdd96db96286dc06c","name":"Niemikotis\u00e4\u00e4ti\u00f6n viestint\u00e4","image":{"@type":"ImageObject","inLanguage":"sv-SE","@id":"https:\/\/secure.gravatar.com\/avatar\/408e1c81a50332d703f9ab205319647097a27e0df578c498cabe8e9753b9afb0?s=96&d=blank&r=g","url":"https:\/\/secure.gravatar.com\/avatar\/408e1c81a50332d703f9ab205319647097a27e0df578c498cabe8e9753b9afb0?s=96&d=blank&r=g","contentUrl":"https:\/\/secure.gravatar.com\/avatar\/408e1c81a50332d703f9ab205319647097a27e0df578c498cabe8e9753b9afb0?s=96&d=blank&r=g","caption":"Niemikotis\u00e4\u00e4ti\u00f6n viestint\u00e4"},"description":"Vuonna 1983 perustettu Niemikotis\u00e4\u00e4ti\u00f6 on voittoa tavoittelematon suomalainen verkostoitunut toimija, joka tuottaa monipuolisesti palveluja mielenterveyskuntoutujille. Ehk\u00e4isemme toiminnallamme syrj\u00e4ytymist\u00e4 ja eriarvoisuutta.","url":"https:\/\/niemikoti.fi\/sv\/author\/katjalampela\/"}]}},"taxonomy_info":{"category":[{"value":736,"label":"Aktuellt"},{"value":833,"label":"Boenderehabilitering"}]},"featured_image_src_large":["https:\/\/niemikoti.fi\/wp-content\/uploads\/2025\/10\/Screenshot-2025-10-30-at-12.36.19-1024x617.png",1024,617,true],"author_info":{"display_name":"Niemikotis\u00e4\u00e4ti\u00f6n viestint\u00e4","author_link":"https:\/\/niemikoti.fi\/sv\/author\/katjalampela\/"},"comment_info":0,"category_info":[{"term_id":736,"name":"Aktuellt","slug":"okategoriserad","term_group":0,"term_taxonomy_id":736,"taxonomy":"category","description":"","parent":0,"count":38,"filter":"raw","cat_ID":736,"category_count":38,"category_description":"","cat_name":"Aktuellt","category_nicename":"okategoriserad","category_parent":0},{"term_id":833,"name":"Boenderehabilitering","slug":"boenderehabilitering","term_group":0,"term_taxonomy_id":833,"taxonomy":"category","description":"","parent":0,"count":4,"filter":"raw","cat_ID":833,"category_count":4,"category_description":"","cat_name":"Boenderehabilitering","category_nicename":"boenderehabilitering","category_parent":0}],"tag_info":false,"_links":{"self":[{"href":"https:\/\/niemikoti.fi\/sv\/wp-json\/wp\/v2\/posts\/48153","targetHints":{"allow":["GET"]}}],"collection":[{"href":"https:\/\/niemikoti.fi\/sv\/wp-json\/wp\/v2\/posts"}],"about":[{"href":"https:\/\/niemikoti.fi\/sv\/wp-json\/wp\/v2\/types\/post"}],"author":[{"embeddable":true,"href":"https:\/\/niemikoti.fi\/sv\/wp-json\/wp\/v2\/users\/2"}],"replies":[{"embeddable":true,"href":"https:\/\/niemikoti.fi\/sv\/wp-json\/wp\/v2\/comments?post=48153"}],"version-history":[{"count":1,"href":"https:\/\/niemikoti.fi\/sv\/wp-json\/wp\/v2\/posts\/48153\/revisions"}],"predecessor-version":[{"id":48154,"href":"https:\/\/niemikoti.fi\/sv\/wp-json\/wp\/v2\/posts\/48153\/revisions\/48154"}],"wp:featuredmedia":[{"embeddable":true,"href":"https:\/\/niemikoti.fi\/sv\/wp-json\/wp\/v2\/media\/48152"}],"wp:attachment":[{"href":"https:\/\/niemikoti.fi\/sv\/wp-json\/wp\/v2\/media?parent=48153"}],"wp:term":[{"taxonomy":"category","embeddable":true,"href":"https:\/\/niemikoti.fi\/sv\/wp-json\/wp\/v2\/categories?post=48153"},{"taxonomy":"post_tag","embeddable":true,"href":"https:\/\/niemikoti.fi\/sv\/wp-json\/wp\/v2\/tags?post=48153"},{"taxonomy":"yksikkokategoria","embeddable":true,"href":"https:\/\/niemikoti.fi\/sv\/wp-json\/wp\/v2\/yksikkokategoria?post=48153"},{"taxonomy":"sisaltoluokka","embeddable":true,"href":"https:\/\/niemikoti.fi\/sv\/wp-json\/wp\/v2\/sisaltoluokka?post=48153"}],"curies":[{"name":"wp","href":"https:\/\/api.w.org\/{rel}","templated":true}]}}