{"id":48138,"date":"2025-11-03T06:23:47","date_gmt":"2025-11-03T04:23:47","guid":{"rendered":"https:\/\/niemikoti.fi\/?p=48138"},"modified":"2025-11-03T06:51:24","modified_gmt":"2025-11-03T04:51:24","slug":"tio-ar-av-erfarenhetsexpertis-festen-i-kesaharju-samlade-datid-och-framtid","status":"publish","type":"post","link":"https:\/\/niemikoti.fi\/sv\/tio-ar-av-erfarenhetsexpertis-festen-i-kesaharju-samlade-datid-och-framtid\/","title":{"rendered":"Tio \u00e5r av erfarenhetsexpertis \u2013 festen i Kes\u00e4harju samlade d\u00e5tid och framtid"},"content":{"rendered":"\n<figure class=\"wp-block-image size-full\"><img loading=\"lazy\" decoding=\"async\" width=\"2000\" height=\"1292\" src=\"https:\/\/niemikoti.fi\/wp-content\/uploads\/2025\/10\/aaaIMG_7779.jpg\" alt=\"Ryhm\u00e4 ihmisi\u00e4 seisoo ja istuu yhdess\u00e4 sis\u00e4tilassa, monet heist\u00e4 hymyilev\u00e4t ja poseeraavat kameralle.\" class=\"wp-image-48008\" srcset=\"https:\/\/niemikoti.fi\/wp-content\/uploads\/2025\/10\/aaaIMG_7779.jpg 2000w, https:\/\/niemikoti.fi\/wp-content\/uploads\/2025\/10\/aaaIMG_7779-300x194.jpg 300w, https:\/\/niemikoti.fi\/wp-content\/uploads\/2025\/10\/aaaIMG_7779-1024x662.jpg 1024w, https:\/\/niemikoti.fi\/wp-content\/uploads\/2025\/10\/aaaIMG_7779-768x496.jpg 768w, https:\/\/niemikoti.fi\/wp-content\/uploads\/2025\/10\/aaaIMG_7779-1536x992.jpg 1536w, https:\/\/niemikoti.fi\/wp-content\/uploads\/2025\/10\/aaaIMG_7779-1320x853.jpg 1320w\" sizes=\"auto, (max-width: 2000px) 100vw, 2000px\" \/><figcaption class=\"wp-element-caption\">P\u00e5 bilden deltagare i erfarenhetsl\u00e4gret den 10 oktober 2025 \u2013 b\u00e5de nya och tidigare utexaminerade samt handledare.<\/figcaption><\/figure>\n\n\n\n<p class=\"has-medium-font-size\">Den 10 oktober 2025 firades den tionde kursen av Niemikotis\u00e4\u00e4ti\u00f6s utbildning f\u00f6r erfarenhetsexperter i Kes\u00e4harju i Iitti. Utbildningens r\u00f6tter g\u00e5r tillbaka till h\u00f6sten 2015, d\u00e5 f\u00f6rberedelserna inleddes med mentorskap fr\u00e5n Centralf\u00f6rbundet f\u00f6r Mental H\u00e4lsa. I dag b\u00f6rjar utbildningen i januari och avslutas med ett h\u00f6stl\u00e4ger i oktober \u2013 i \u00e5r examinerades den tionde kursen, och gruppen f\u00f6r 2026 har redan intervjuats.<\/p>\n\n\n<style>.kb-row-layout-id48138_e02dfe-80 > .kt-row-column-wrap{align-content:start;}:where(.kb-row-layout-id48138_e02dfe-80 > .kt-row-column-wrap) > .wp-block-kadence-column{justify-content:start;}.kb-row-layout-id48138_e02dfe-80 > .kt-row-column-wrap{column-gap:var(--global-kb-gap-md, 2rem);row-gap:var(--global-kb-gap-md, 2rem);padding-top:var(--global-kb-spacing-sm, 1.5rem);padding-bottom:var(--global-kb-spacing-sm, 1.5rem);grid-template-columns:minmax(0, calc(65% - ((var(--global-kb-gap-md, 2rem) * 1 )\/2)))minmax(0, calc(35% - ((var(--global-kb-gap-md, 2rem) * 1 )\/2)));}.kb-row-layout-id48138_e02dfe-80 > .kt-row-layout-overlay{opacity:0.30;}@media all and (max-width: 1024px){.kb-row-layout-id48138_e02dfe-80 > .kt-row-column-wrap{grid-template-columns:repeat(2, minmax(0, 1fr));}}@media all and (max-width: 767px){.kb-row-layout-id48138_e02dfe-80 > .kt-row-column-wrap{grid-template-columns:minmax(0, 1fr);}}<\/style><div class=\"kb-row-layout-wrap kb-row-layout-id48138_e02dfe-80 alignnone wp-block-kadence-rowlayout\"><div class=\"kt-row-column-wrap kt-has-2-columns kt-row-layout-equal kt-tab-layout-inherit kt-mobile-layout-row kt-row-valign-top\">\n<style>.kadence-column48138_eb02a1-45 > .kt-inside-inner-col,.kadence-column48138_eb02a1-45 > .kt-inside-inner-col:before{border-top-left-radius:0px;border-top-right-radius:0px;border-bottom-right-radius:0px;border-bottom-left-radius:0px;}.kadence-column48138_eb02a1-45 > .kt-inside-inner-col{column-gap:var(--global-kb-gap-sm, 1rem);}.kadence-column48138_eb02a1-45 > .kt-inside-inner-col{flex-direction:column;}.kadence-column48138_eb02a1-45 > .kt-inside-inner-col > .aligncenter{width:100%;}.kadence-column48138_eb02a1-45 > .kt-inside-inner-col:before{opacity:0.3;}.kadence-column48138_eb02a1-45{position:relative;}@media all and (max-width: 1024px){.kadence-column48138_eb02a1-45 > .kt-inside-inner-col{flex-direction:column;justify-content:center;}}@media all and (max-width: 767px){.kadence-column48138_eb02a1-45 > .kt-inside-inner-col{flex-direction:column;justify-content:center;}}<\/style>\n<div class=\"wp-block-kadence-column kadence-column48138_eb02a1-45\"><div class=\"kt-inside-inner-col\">\n<p>Utbildningen \u00e4r avgiftsfri och \u00f6ppen \u00e4ven f\u00f6r s\u00f6kande utanf\u00f6r Helsingfors. H\u00f6stl\u00e4gret \u00e4r inte bara en avslutningsceremoni utan en del av ett kontinuerligt l\u00e4rande: under seminariedagar och workshops f\u00f6rdjupas kunskaperna och erfarenheter delas \u00e4ven med tidigare deltagare.<\/p>\n\n\n\n<p>Med \u00e5ren har utbildningen utvecklats till en moduluppbyggd helhet, vars inneh\u00e5ll har formats utifr\u00e5n respons och f\u00f6r\u00e4ndringar i f\u00e4ltet.<\/p>\n\n\n\n<h2 class=\"wp-block-heading\">L\u00e4rande, m\u00f6ten och mod<\/h2>\n\n\n\n<p>Tre teman \u00e5terkom i de erfarenheter som delades under festen: att f\u00f6rst\u00e5 sitt eget liv, att m\u00f6ta m\u00e4nniskor och att v\u00e5ga delta.<br>Susu ber\u00e4ttar att hon gick utbildningen f\u00f6rst och fr\u00e4mst f\u00f6r sin egen skull \u2013 f\u00f6r att bearbeta sv\u00e5ra upplevelser och f\u00f6r att kunna st\u00f6tta andra, s\u00e4rskilt m\u00f6drar med bipol\u00e4r sjukdom:<\/p>\n\n\n\n<blockquote class=\"wp-block-quote is-layout-flow wp-block-quote-is-layout-flow\">\n<p class=\"has-medium-font-size\">\u201dDet hade varit l\u00e4ttare om n\u00e5gon med liknande erfarenheter hade kommit till avdelningen och sagt att det g\u00e5r att klara sig.\u201d<\/p>\n<\/blockquote>\n\n\n\n<p>Pia beskriver hur beslutet att sluta r\u00f6ka v\u00e4ckte viljan att hj\u00e4lpa andra, och att utbildningen \u201d\u00f6ppnade d\u00f6rrar \u00e5t alla h\u00e5ll\u201d: \u00e4ven om en del av inneh\u00e5llet var bekant, fanns det n\u00e5got nytt att ta med sig varje g\u00e5ng. Martin sammanfattar sin insikt som en uppmuntran till andra:<\/p>\n\n\n\n<blockquote class=\"wp-block-quote is-layout-flow wp-block-quote-is-layout-flow\">\n<p class=\"has-medium-font-size\">\u201dHur vet du att det inte passar dig om du inte provar?\u201d<\/p>\n<\/blockquote>\n\n\n\n<p>M\u00f6tena visade sig vara det mest betydelsefulla: tiotals personliga ber\u00e4ttelser, alla olika men f\u00f6renade av hopp. Som Susu uttrycker det:<\/p>\n\n\n\n<blockquote class=\"wp-block-quote is-layout-flow wp-block-quote-is-layout-flow\">\n<p class=\"has-medium-font-size\">\u201dJag k\u00e4nner ingen \u2019normal\u2019 m\u00e4nniska \u2013 bara olika.\u201d<\/p>\n<\/blockquote>\n\n\n\n<p>Pia s\u00e4ger att hon f\u00e5tt mest ut av att kunna lyssna och ibland ge praktiska r\u00e5d. Martin p\u00e5minner om att utbildningen ocks\u00e5 kr\u00e4ver psykisk balans: att skriva sin egen ber\u00e4ttelse och h\u00f6ra andras ber\u00f6r, men gruppens st\u00f6d b\u00e4r. M\u00e5nga betonade att v\u00e4garna inom mentalh\u00e4lso- och rusv\u00e5rdsarbete ofta korsas \u2013 d\u00e4rf\u00f6r \u00e4r det viktigt att utbildningen omfattar b\u00e5da omr\u00e5dena.<\/p>\n\n\n<div class=\"wp-block-image\">\n<figure class=\"alignright size-large is-resized\"><img loading=\"lazy\" decoding=\"async\" width=\"768\" height=\"1024\" src=\"https:\/\/niemikoti.fi\/wp-content\/uploads\/2025\/10\/aaaIMG_7741-768x1024.jpg\" alt=\"Nainen hymyilee pit\u00e4en k\u00e4dess\u00e4\u00e4n paperia, jossa on onnittelulaulu Minnalle, taustalla n\u00e4kyy muita ihmisi\u00e4.\" class=\"wp-image-48006\" style=\"width:304px;height:auto\" srcset=\"https:\/\/niemikoti.fi\/wp-content\/uploads\/2025\/10\/aaaIMG_7741-768x1024.jpg 768w, https:\/\/niemikoti.fi\/wp-content\/uploads\/2025\/10\/aaaIMG_7741-225x300.jpg 225w, https:\/\/niemikoti.fi\/wp-content\/uploads\/2025\/10\/aaaIMG_7741-1152x1536.jpg 1152w, https:\/\/niemikoti.fi\/wp-content\/uploads\/2025\/10\/aaaIMG_7741-1536x2048.jpg 1536w, https:\/\/niemikoti.fi\/wp-content\/uploads\/2025\/10\/aaaIMG_7741-1320x1760.jpg 1320w, https:\/\/niemikoti.fi\/wp-content\/uploads\/2025\/10\/aaaIMG_7741-scaled.jpg 1920w\" sizes=\"auto, (max-width: 768px) 100vw, 768px\" \/><\/figure>\n<\/div>\n\n\n<p>I \u00e5r examinerades sju studerande, och de fick sina intyg under en h\u00f6gtidlig ceremoni p\u00e5 l\u00e4gret. Evenemanget inleddes med ett \u00f6verraskningsnummer arrangerat av erfarenhetssamordnaren Sirpa Sinisalo f\u00f6r att tacka handledaren Minna Tikka-Lapvetel\u00e4inen f\u00f6r hennes l\u00e5ngsiktiga arbete med att utveckla b\u00e5de utbildningen och hela verksamheten f\u00f6r erfarenhetsexperter. Deltagarna sj\u00f6ng tillsammans en gratulationss\u00e5ng \u2013 p\u00e5 bilden h\u00e5ller Minna i papperet med texten\u00a0<em>\u201dGratulationss\u00e5ng till Minna\u201d<\/em>, som f\u00e5ngade dagens v\u00e4rme och gemenskap.<\/p>\n<\/div><\/div>\n\n\n<style>.kadence-column48138_856dca-ea > .kt-inside-inner-col,.kadence-column48138_856dca-ea > .kt-inside-inner-col:before{border-top-left-radius:0px;border-top-right-radius:0px;border-bottom-right-radius:0px;border-bottom-left-radius:0px;}.kadence-column48138_856dca-ea > .kt-inside-inner-col{column-gap:var(--global-kb-gap-sm, 1rem);}.kadence-column48138_856dca-ea > .kt-inside-inner-col{flex-direction:column;}.kadence-column48138_856dca-ea > .kt-inside-inner-col > .aligncenter{width:100%;}.kadence-column48138_856dca-ea > .kt-inside-inner-col:before{opacity:0.3;}.kadence-column48138_856dca-ea{position:relative;}@media all and (max-width: 1024px){.kadence-column48138_856dca-ea > .kt-inside-inner-col{flex-direction:column;justify-content:center;}}@media all and (max-width: 767px){.kadence-column48138_856dca-ea > .kt-inside-inner-col{flex-direction:column;justify-content:center;}}<\/style>\n<div class=\"wp-block-kadence-column kadence-column48138_856dca-ea\"><div class=\"kt-inside-inner-col\"><style>.wp-block-kadence-advancedgallery .kb-gallery-type-masonry.kb-gallery-id-48138_6267f6-fd{margin:-5px;}.kb-gallery-type-masonry.kb-gallery-id-48138_6267f6-fd .kadence-blocks-gallery-item{padding:5px;}.kb-gallery-id-48138_6267f6-fd .kadence-blocks-gallery-item .kb-gal-image-radius, .kb-gallery-id-48138_6267f6-fd .kb-slide-item .kb-gal-image-radius img{border-radius:0px 0px 0px 0px;;}.kb-gallery-id-48138_6267f6-fd .kadence-blocks-gallery-item .kadence-blocks-gallery-item-inner .kadence-blocks-gallery-item__caption{color:var(--global-palette3, #1A202C);}.kb-gallery-caption-style-cover-hover.kb-gallery-id-48138_6267f6-fd .kadence-blocks-gallery-item .kadence-blocks-gallery-item-inner .kadence-blocks-gallery-item__caption, .kb-gallery-caption-style-below.kb-gallery-id-48138_6267f6-fd .kadence-blocks-gallery-item .kadence-blocks-gallery-item-inner .kadence-blocks-gallery-item__caption{background:var(--global-palette9, #ffffff);}<\/style><div class=\"kb-gallery-wrap-id-48138_6267f6-fd alignnone wp-block-kadence-advancedgallery\"><ul class=\"kb-gallery-ul kb-gallery-non-static kb-gallery-type-masonry kb-masonry-init kb-gallery-id-48138_6267f6-fd kb-gallery-caption-style-below kb-gallery-filter-none\" data-image-filter=\"none\" data-item-selector=\".kadence-blocks-gallery-item\" data-lightbox-caption=\"true\" data-columns-xxl=\"1\" data-columns-xl=\"1\" data-columns-md=\"1\" data-columns-sm=\"1\" data-columns-xs=\"1\" data-columns-ss=\"1\"><li class=\"kadence-blocks-gallery-item\"><div class=\"kadence-blocks-gallery-item-inner\"><figure class=\"kb-gallery-figure kadence-blocks-gallery-item-has-caption\" style=\"max-width:1024px;\"><div class=\"kb-gal-image-radius\" style=\"max-width:1024px;\"><div class=\"kb-gallery-image-contain kadence-blocks-gallery-intrinsic\" style=\"padding-bottom:75%;\"><img loading=\"lazy\" decoding=\"async\" src=\"https:\/\/niemikoti.fi\/wp-content\/uploads\/2025\/10\/IMG_7724-1024x768.jpg\" width=\"1024\" height=\"768\" alt=\"Kolme henkil\u00f6\u00e4 esiintyy, yksi soittaa kitaraa ja kaksi muuta lukee paperista.\" data-full-image=\"https:\/\/niemikoti.fi\/wp-content\/uploads\/2025\/10\/IMG_7724-scaled.jpg\" data-light-image=\"https:\/\/niemikoti.fi\/wp-content\/uploads\/2025\/10\/IMG_7724-scaled.jpg\" data-id=\"48014\" class=\"wp-image-48014\" srcset=\"https:\/\/niemikoti.fi\/wp-content\/uploads\/2025\/10\/IMG_7724-1024x768.jpg 1024w, https:\/\/niemikoti.fi\/wp-content\/uploads\/2025\/10\/IMG_7724-300x225.jpg 300w, https:\/\/niemikoti.fi\/wp-content\/uploads\/2025\/10\/IMG_7724-768x576.jpg 768w, https:\/\/niemikoti.fi\/wp-content\/uploads\/2025\/10\/IMG_7724-1536x1152.jpg 1536w, https:\/\/niemikoti.fi\/wp-content\/uploads\/2025\/10\/IMG_7724-2048x1536.jpg 2048w, https:\/\/niemikoti.fi\/wp-content\/uploads\/2025\/10\/IMG_7724-1320x990.jpg 1320w\" sizes=\"auto, (max-width: 1024px) 100vw, 1024px\" \/><\/div><\/div><figcaption class=\"kadence-blocks-gallery-item__caption\">I \u00f6verraskningsnumret sj\u00f6ngs en s\u00e5ng f\u00f6r Minna.<\/figcaption><\/figure><\/div><\/li><li class=\"kadence-blocks-gallery-item\"><div class=\"kadence-blocks-gallery-item-inner\"><figure class=\"kb-gallery-figure kadence-blocks-gallery-item-has-caption\" style=\"max-width:1024px;\"><div class=\"kb-gal-image-radius\" style=\"max-width:1024px;\"><div class=\"kb-gallery-image-contain kadence-blocks-gallery-intrinsic\" style=\"padding-bottom:75%;\"><img loading=\"lazy\" decoding=\"async\" src=\"https:\/\/niemikoti.fi\/wp-content\/uploads\/2025\/10\/IMG_7768-1024x768.jpg\" width=\"1024\" height=\"768\" alt=\"Nelj\u00e4 henkil\u00f6\u00e4 katsoo televisiota ja osoittaa siin\u00e4 n\u00e4kyv\u00e4\u00e4 kuvaa, kun yksi henkil\u00f6 istuu taustalla.\" data-full-image=\"https:\/\/niemikoti.fi\/wp-content\/uploads\/2025\/10\/IMG_7768-scaled.jpg\" data-light-image=\"https:\/\/niemikoti.fi\/wp-content\/uploads\/2025\/10\/IMG_7768-scaled.jpg\" data-id=\"48016\" class=\"wp-image-48016\" srcset=\"https:\/\/niemikoti.fi\/wp-content\/uploads\/2025\/10\/IMG_7768-1024x768.jpg 1024w, https:\/\/niemikoti.fi\/wp-content\/uploads\/2025\/10\/IMG_7768-300x225.jpg 300w, https:\/\/niemikoti.fi\/wp-content\/uploads\/2025\/10\/IMG_7768-768x576.jpg 768w, https:\/\/niemikoti.fi\/wp-content\/uploads\/2025\/10\/IMG_7768-1536x1152.jpg 1536w, https:\/\/niemikoti.fi\/wp-content\/uploads\/2025\/10\/IMG_7768-2048x1536.jpg 2048w, https:\/\/niemikoti.fi\/wp-content\/uploads\/2025\/10\/IMG_7768-1320x990.jpg 1320w\" sizes=\"auto, (max-width: 1024px) 100vw, 1024px\" \/><\/div><\/div><figcaption class=\"kadence-blocks-gallery-item__caption\">Man kom ibland fram f\u00f6r att titta n\u00e4rmare p\u00e5 bilderna fr\u00e5n tillbakablicken, och bekanta ansikten d\u00f6k alltid upp.<\/figcaption><\/figure><\/div><\/li><li class=\"kadence-blocks-gallery-item\"><div class=\"kadence-blocks-gallery-item-inner\"><figure class=\"kb-gallery-figure kadence-blocks-gallery-item-has-caption\" style=\"max-width:1024px;\"><div class=\"kb-gal-image-radius\" style=\"max-width:1024px;\"><div class=\"kb-gallery-image-contain kadence-blocks-gallery-intrinsic\" style=\"padding-bottom:75%;\"><img loading=\"lazy\" decoding=\"async\" src=\"https:\/\/niemikoti.fi\/wp-content\/uploads\/2025\/10\/IMG_7772-1024x768.jpg\" width=\"1024\" height=\"768\" alt=\"Kuvassa on ryhm\u00e4 ihmisi\u00e4 kirkkaan keltaisissa sadeviitoissa seisomassa ja istumassa vihre\u00e4ll\u00e4 matolla toimistotilassa.\" data-full-image=\"https:\/\/niemikoti.fi\/wp-content\/uploads\/2025\/10\/IMG_7772-scaled.jpg\" data-light-image=\"https:\/\/niemikoti.fi\/wp-content\/uploads\/2025\/10\/IMG_7772-scaled.jpg\" data-id=\"48015\" class=\"wp-image-48015\" srcset=\"https:\/\/niemikoti.fi\/wp-content\/uploads\/2025\/10\/IMG_7772-1024x768.jpg 1024w, https:\/\/niemikoti.fi\/wp-content\/uploads\/2025\/10\/IMG_7772-300x225.jpg 300w, https:\/\/niemikoti.fi\/wp-content\/uploads\/2025\/10\/IMG_7772-768x576.jpg 768w, https:\/\/niemikoti.fi\/wp-content\/uploads\/2025\/10\/IMG_7772-1536x1152.jpg 1536w, https:\/\/niemikoti.fi\/wp-content\/uploads\/2025\/10\/IMG_7772-2048x1536.jpg 2048w, https:\/\/niemikoti.fi\/wp-content\/uploads\/2025\/10\/IMG_7772-1320x990.jpg 1320w\" sizes=\"auto, (max-width: 1024px) 100vw, 1024px\" \/><\/div><\/div><figcaption class=\"kadence-blocks-gallery-item__caption\">Ur tillbakablicken: ett \u00e5r fick de examinerade regnrockar.<\/figcaption><\/figure><\/div><\/li><li class=\"kadence-blocks-gallery-item\"><div class=\"kadence-blocks-gallery-item-inner\"><figure class=\"kb-gallery-figure kadence-blocks-gallery-item-has-caption\" style=\"max-width:1024px;\"><div class=\"kb-gal-image-radius\" style=\"max-width:1024px;\"><div class=\"kb-gallery-image-contain kadence-blocks-gallery-intrinsic\" style=\"padding-bottom:75%;\"><img loading=\"lazy\" decoding=\"async\" src=\"https:\/\/niemikoti.fi\/wp-content\/uploads\/2025\/10\/IMG_7771-1024x768.jpg\" width=\"1024\" height=\"768\" alt=\"Ryhm\u00e4 ihmisi\u00e4 poseeraa punaisen bussin edess\u00e4 mets\u00e4isess\u00e4 ymp\u00e4rist\u00f6ss\u00e4.\" data-full-image=\"https:\/\/niemikoti.fi\/wp-content\/uploads\/2025\/10\/IMG_7771-scaled.jpg\" data-light-image=\"https:\/\/niemikoti.fi\/wp-content\/uploads\/2025\/10\/IMG_7771-scaled.jpg\" data-id=\"48017\" class=\"wp-image-48017\" srcset=\"https:\/\/niemikoti.fi\/wp-content\/uploads\/2025\/10\/IMG_7771-1024x768.jpg 1024w, https:\/\/niemikoti.fi\/wp-content\/uploads\/2025\/10\/IMG_7771-300x225.jpg 300w, https:\/\/niemikoti.fi\/wp-content\/uploads\/2025\/10\/IMG_7771-768x576.jpg 768w, https:\/\/niemikoti.fi\/wp-content\/uploads\/2025\/10\/IMG_7771-1536x1152.jpg 1536w, https:\/\/niemikoti.fi\/wp-content\/uploads\/2025\/10\/IMG_7771-2048x1536.jpg 2048w, https:\/\/niemikoti.fi\/wp-content\/uploads\/2025\/10\/IMG_7771-1320x990.jpg 1320w\" sizes=\"auto, (max-width: 1024px) 100vw, 1024px\" \/><\/div><\/div><figcaption class=\"kadence-blocks-gallery-item__caption\"><em>Ur tillbakablicken: \u00e4ven tidigare reste l\u00e4gergruppen med buss till Iitti.<\/em><\/figcaption><\/figure><\/div><\/li><\/ul><\/div><\/div><\/div>\n\n<\/div><\/div>\n\n<style>.kb-row-layout-id48138_06e2ea-3b > .kt-row-column-wrap{align-content:start;}:where(.kb-row-layout-id48138_06e2ea-3b > .kt-row-column-wrap) > .wp-block-kadence-column{justify-content:start;}.kb-row-layout-id48138_06e2ea-3b > .kt-row-column-wrap{column-gap:var(--global-kb-gap-md, 2rem);row-gap:var(--global-kb-gap-md, 2rem);padding-top:var(--global-kb-spacing-xl, 4rem);padding-right:var(--global-kb-spacing-xl, 4rem);padding-bottom:var(--global-kb-spacing-xl, 4rem);padding-left:var(--global-kb-spacing-xl, 4rem);grid-template-columns:minmax(0, 1fr);}.kb-row-layout-id48138_06e2ea-3b{border-top-left-radius:30px;border-bottom-right-radius:30px;overflow:clip;isolation:isolate;}.kb-row-layout-id48138_06e2ea-3b > .kt-row-layout-overlay{border-top-left-radius:30px;border-bottom-right-radius:30px;}.kb-row-layout-id48138_06e2ea-3b{background-color:rgba(43,108,176,0.24);}.kb-row-layout-id48138_06e2ea-3b > .kt-row-layout-overlay{opacity:0.30;}@media all and (max-width: 1024px){.kb-row-layout-id48138_06e2ea-3b > .kt-row-column-wrap{grid-template-columns:minmax(0, 1fr);}}@media all and (max-width: 767px){.kb-row-layout-id48138_06e2ea-3b > .kt-row-column-wrap{grid-template-columns:minmax(0, 1fr);}}<\/style><div class=\"kb-row-layout-wrap kb-row-layout-id48138_06e2ea-3b alignnone kt-row-has-bg wp-block-kadence-rowlayout\"><div class=\"kt-row-column-wrap kt-has-1-columns kt-row-layout-equal kt-tab-layout-inherit kt-mobile-layout-row kt-row-valign-top\">\n<style>.kadence-column48138_91918b-64 > .kt-inside-inner-col,.kadence-column48138_91918b-64 > .kt-inside-inner-col:before{border-top-left-radius:0px;border-top-right-radius:0px;border-bottom-right-radius:0px;border-bottom-left-radius:0px;}.kadence-column48138_91918b-64 > .kt-inside-inner-col{column-gap:var(--global-kb-gap-sm, 1rem);}.kadence-column48138_91918b-64 > .kt-inside-inner-col{flex-direction:column;}.kadence-column48138_91918b-64 > .kt-inside-inner-col > .aligncenter{width:100%;}.kadence-column48138_91918b-64 > .kt-inside-inner-col:before{opacity:0.3;}.kadence-column48138_91918b-64{position:relative;}@media all and (max-width: 1024px){.kadence-column48138_91918b-64 > .kt-inside-inner-col{flex-direction:column;justify-content:center;}}@media all and (max-width: 767px){.kadence-column48138_91918b-64 > .kt-inside-inner-col{flex-direction:column;justify-content:center;}}<\/style>\n<div class=\"wp-block-kadence-column kadence-column48138_91918b-64\"><div class=\"kt-inside-inner-col\"><style>.kb-row-layout-id48138_deb273-d8 > .kt-row-column-wrap{align-content:start;}:where(.kb-row-layout-id48138_deb273-d8 > .kt-row-column-wrap) > .wp-block-kadence-column{justify-content:start;}.kb-row-layout-id48138_deb273-d8 > .kt-row-column-wrap{column-gap:var(--global-kb-gap-md, 2rem);row-gap:var(--global-kb-gap-md, 2rem);padding-top:var(--global-kb-spacing-sm, 1.5rem);padding-bottom:var(--global-kb-spacing-sm, 1.5rem);grid-template-columns:repeat(2, minmax(0, 1fr));}.kb-row-layout-id48138_deb273-d8 > .kt-row-layout-overlay{opacity:0.30;}@media all and (max-width: 1024px){.kb-row-layout-id48138_deb273-d8 > .kt-row-column-wrap{grid-template-columns:repeat(2, minmax(0, 1fr));}}@media all and (max-width: 767px){.kb-row-layout-id48138_deb273-d8 > .kt-row-column-wrap{grid-template-columns:minmax(0, 1fr);}}<\/style><div class=\"kb-row-layout-wrap kb-row-layout-id48138_deb273-d8 alignnone wp-block-kadence-rowlayout\"><div class=\"kt-row-column-wrap kt-has-2-columns kt-row-layout-equal kt-tab-layout-inherit kt-mobile-layout-row kt-row-valign-top\">\n<style>.kadence-column48138_23341b-c9 > .kt-inside-inner-col,.kadence-column48138_23341b-c9 > .kt-inside-inner-col:before{border-top-left-radius:0px;border-top-right-radius:0px;border-bottom-right-radius:0px;border-bottom-left-radius:0px;}.kadence-column48138_23341b-c9 > .kt-inside-inner-col{column-gap:var(--global-kb-gap-sm, 1rem);}.kadence-column48138_23341b-c9 > .kt-inside-inner-col{flex-direction:column;}.kadence-column48138_23341b-c9 > .kt-inside-inner-col > .aligncenter{width:100%;}.kadence-column48138_23341b-c9 > .kt-inside-inner-col:before{opacity:0.3;}.kadence-column48138_23341b-c9{position:relative;}@media all and (max-width: 1024px){.kadence-column48138_23341b-c9 > .kt-inside-inner-col{flex-direction:column;justify-content:center;}}@media all and (max-width: 767px){.kadence-column48138_23341b-c9 > .kt-inside-inner-col{flex-direction:column;justify-content:center;}}<\/style>\n<div class=\"wp-block-kadence-column kadence-column48138_23341b-c9\"><div class=\"kt-inside-inner-col\">\n<h2 class=\"wp-block-heading\">V\u00e5ra utexaminerade erfarenhetsexperter<\/h2>\n\n\n\n<ul class=\"wp-block-list\">\n<li><strong>Klass 2016:<\/strong>\u00a08 erfarenhetsexperter<\/li>\n\n\n\n<li><strong>Klass 2017:<\/strong>\u00a09 erfarenhetsexperter<\/li>\n\n\n\n<li><strong>Klass 2018:<\/strong>\u00a010 erfarenhetsexperter<\/li>\n\n\n\n<li><strong>Klass 2019:<\/strong>\u00a08 erfarenhetsexperter<\/li>\n\n\n\n<li><strong>Klass 2020:<\/strong>\u00a08 erfarenhetsexperter<\/li>\n\n\n\n<li><strong>Klass 2021:<\/strong>\u00a07 erfarenhetsexperter<\/li>\n\n\n\n<li><strong>Klass 2022:<\/strong>\u00a010 erfarenhetsexperter<\/li>\n\n\n\n<li><strong>Klass 2023:<\/strong>\u00a04 erfarenhetsexperter<\/li>\n\n\n\n<li><strong>Klass 2024:<\/strong>\u00a09 erfarenhetsexperter<\/li>\n\n\n\n<li><strong>Klass 2025:<\/strong>\u00a07 erfarenhetsexperter<\/li>\n<\/ul>\n<\/div><\/div>\n\n\n<style>.kadence-column48138_02c4ca-1f > .kt-inside-inner-col,.kadence-column48138_02c4ca-1f > .kt-inside-inner-col:before{border-top-left-radius:0px;border-top-right-radius:0px;border-bottom-right-radius:0px;border-bottom-left-radius:0px;}.kadence-column48138_02c4ca-1f > .kt-inside-inner-col{column-gap:var(--global-kb-gap-sm, 1rem);}.kadence-column48138_02c4ca-1f > .kt-inside-inner-col{flex-direction:column;}.kadence-column48138_02c4ca-1f > .kt-inside-inner-col > .aligncenter{width:100%;}.kadence-column48138_02c4ca-1f > .kt-inside-inner-col:before{opacity:0.3;}.kadence-column48138_02c4ca-1f{position:relative;}@media all and (max-width: 1024px){.kadence-column48138_02c4ca-1f > .kt-inside-inner-col{flex-direction:column;justify-content:center;}}@media all and (max-width: 767px){.kadence-column48138_02c4ca-1f > .kt-inside-inner-col{flex-direction:column;justify-content:center;}}<\/style>\n<div class=\"wp-block-kadence-column kadence-column48138_02c4ca-1f\"><div class=\"kt-inside-inner-col\">\n<h2 class=\"wp-block-heading\">Fakta om utbildningen f\u00f6r erfarenhetsexperter<\/h2>\n\n\n\n<p><strong>Omfattning:<\/strong>&nbsp;54 lektionstimmar (ursprungligen 48)<br><strong>L\u00e4ngd:<\/strong>&nbsp;januari\u2013oktober<br><strong>Antal deltagare:<\/strong>&nbsp;10 studerande per \u00e5r<br><strong>Avgift:<\/strong>&nbsp;Utbildningen \u00e4r kostnadsfri och \u00f6ppen \u00e4ven f\u00f6r s\u00f6kande utanf\u00f6r Helsingfors<\/p>\n\n\n\n<p>Utbildningen \u00e4r en process som b\u00f6rjar redan med ans\u00f6kan. M\u00e5let \u00e4r att hitta dem f\u00f6r vilka tidpunkten \u00e4r r\u00e4tt \u2013 n\u00e4r den egna \u00e5terh\u00e4mtningen har kommit tillr\u00e4ckligt l\u00e5ngt och krafterna \u00e4r i balans. Ofta v\u00e4cks viljan att hj\u00e4lpa andra tidigt, men d\u00e5 kan utbildningen \u00e4nnu vara f\u00f6r kr\u00e4vande.<\/p>\n\n\n\n<p>I utbildningen betonas&nbsp;<strong>kvalitet framf\u00f6r kvantitet<\/strong>. V\u00e4gen \u00e4r lika viktig som m\u00e5let: \u00e4ven att avbryta utbildningen kan vara ett tecken p\u00e5 att processen fungerar som den ska.<\/p>\n\n\n\n<blockquote class=\"wp-block-quote is-layout-flow wp-block-quote-is-layout-flow\">\n<p>\u201dErfarenhetsexpertis kr\u00e4ver tid och mognad \u2013 och utbildningen st\u00e4ller stora krav p\u00e5 psyket.\u201d<br>\u2014&nbsp;<em>Minna Tikka-Lapvetel\u00e4inen<\/em><\/p>\n<\/blockquote>\n<\/div><\/div>\n\n<\/div><\/div><\/div><\/div>\n\n<\/div><\/div><div style=\"margin: 20px 0;\"><div class=\"qrcswholewtapper\" style=\"text-align:left;\"><div class=\"qrcprowrapper\"  id=\"qrcwraa2leds\"><div class=\"qrc_canvass\" id=\"qrc_cuttenpages_2\" style=\"display:none\" data-text=\"https:\/\/niemikoti.fi\/sv\/tio-ar-av-erfarenhetsexpertis-festen-i-kesaharju-samlade-datid-och-framtid\/\"><\/div><div><a download=\"Tio \u00e5r av erfarenhetsexpertis \u2013 festen i Kes\u00e4harju samlade d\u00e5tid och framtid.png\" class=\"qrcdownloads\" id=\"worign\">\r\n           <button type=\"button\" style=\"min-width:200px;background:#c8fd8c;color:#000;font-weight: 600;border: 1px solid #dddddd;border-radius:4px;font-size:12px;padding: 6px 0;\" class=\"uqr_code_btn\">Lataa QR-koodi<\/button>\r\n           <\/a><\/div><\/div><\/div><\/div>","protected":false},"excerpt":{"rendered":"<p>Den 10 oktober 2025 firades den tionde kursen av Niemikotis\u00e4\u00e4ti\u00f6s utbildning f\u00f6r erfarenhetsexperter i Kes\u00e4harju i Iitti. Utbildningens r\u00f6tter g\u00e5r tillbaka till h\u00f6sten 2015, d\u00e5 f\u00f6rberedelserna inleddes med mentorskap fr\u00e5n Centralf\u00f6rbundet&#8230;<\/p>\n","protected":false},"author":2,"featured_media":48008,"comment_status":"closed","ping_status":"open","sticky":false,"template":"","format":"standard","meta":{"_kad_blocks_custom_css":"","_kad_blocks_head_custom_js":"","_kad_blocks_body_custom_js":"","_kad_blocks_footer_custom_js":"","_kad_post_transparent":"","_kad_post_title":"","_kad_post_layout":"","_kad_post_sidebar_id":"","_kad_post_content_style":"","_kad_post_vertical_padding":"","_kad_post_feature":"","_kad_post_feature_position":"","_kad_post_header":false,"_kad_post_footer":false,"_kad_post_classname":"","cybocfi_hide_featured_image":"","footnotes":"","_links_to":"","_links_to_target":""},"categories":[736,837],"tags":[],"yksikkokategoria":[],"sisaltoluokka":[],"class_list":["post-48138","post","type-post","status-publish","format-standard","has-post-thumbnail","hentry","category-okategoriserad","category-erfarenhetsexperter-och-serviceanvandare"],"yoast_head":"<!-- This site is optimized with the Yoast SEO plugin v27.4 - https:\/\/yoast.com\/product\/yoast-seo-wordpress\/ -->\n<title>Tio \u00e5r av erfarenhetsexpertis \u2013 festen i Kes\u00e4harju samlade d\u00e5tid och framtid - Niemikotis\u00e4\u00e4ti\u00f6<\/title>\n<meta name=\"robots\" content=\"index, follow, max-snippet:-1, max-image-preview:large, max-video-preview:-1\" \/>\n<link rel=\"canonical\" href=\"https:\/\/niemikoti.fi\/sv\/tio-ar-av-erfarenhetsexpertis-festen-i-kesaharju-samlade-datid-och-framtid\/\" \/>\n<meta property=\"og:locale\" content=\"sv_SE\" \/>\n<meta property=\"og:type\" content=\"article\" \/>\n<meta property=\"og:title\" content=\"Tio \u00e5r av erfarenhetsexpertis \u2013 festen i Kes\u00e4harju samlade d\u00e5tid och framtid - Niemikotis\u00e4\u00e4ti\u00f6\" \/>\n<meta property=\"og:description\" content=\"Den 10 oktober 2025 firades den tionde kursen av Niemikotis\u00e4\u00e4ti\u00f6s utbildning f\u00f6r erfarenhetsexperter i Kes\u00e4harju i Iitti. Utbildningens r\u00f6tter g\u00e5r tillbaka till h\u00f6sten 2015, d\u00e5 f\u00f6rberedelserna inleddes med mentorskap fr\u00e5n Centralf\u00f6rbundet...\" \/>\n<meta property=\"og:url\" content=\"https:\/\/niemikoti.fi\/sv\/tio-ar-av-erfarenhetsexpertis-festen-i-kesaharju-samlade-datid-och-framtid\/\" \/>\n<meta property=\"og:site_name\" content=\"Niemikotis\u00e4\u00e4ti\u00f6\" \/>\n<meta property=\"article:publisher\" content=\"https:\/\/www.facebook.com\/niemikoti\" \/>\n<meta property=\"article:published_time\" content=\"2025-11-03T04:23:47+00:00\" \/>\n<meta property=\"article:modified_time\" content=\"2025-11-03T04:51:24+00:00\" \/>\n<meta property=\"og:image\" content=\"https:\/\/niemikoti.fi\/wp-content\/uploads\/2025\/10\/aaaIMG_7779.jpg\" \/>\n\t<meta property=\"og:image:width\" content=\"2000\" \/>\n\t<meta property=\"og:image:height\" content=\"1292\" \/>\n\t<meta property=\"og:image:type\" content=\"image\/jpeg\" \/>\n<meta name=\"author\" content=\"Niemikotis\u00e4\u00e4ti\u00f6n viestint\u00e4\" \/>\n<meta name=\"twitter:card\" content=\"summary_large_image\" \/>\n<meta name=\"twitter:label1\" content=\"Skriven av\" \/>\n\t<meta name=\"twitter:data1\" content=\"Niemikotis\u00e4\u00e4ti\u00f6n viestint\u00e4\" \/>\n\t<meta name=\"twitter:label2\" content=\"Ber\u00e4knad l\u00e4stid\" \/>\n\t<meta name=\"twitter:data2\" content=\"3 minut\" \/>\n<script type=\"application\/ld+json\" class=\"yoast-schema-graph\">{\"@context\":\"https:\\\/\\\/schema.org\",\"@graph\":[{\"@type\":\"Article\",\"@id\":\"https:\\\/\\\/niemikoti.fi\\\/sv\\\/tio-ar-av-erfarenhetsexpertis-festen-i-kesaharju-samlade-datid-och-framtid\\\/#article\",\"isPartOf\":{\"@id\":\"https:\\\/\\\/niemikoti.fi\\\/sv\\\/tio-ar-av-erfarenhetsexpertis-festen-i-kesaharju-samlade-datid-och-framtid\\\/\"},\"author\":{\"name\":\"Niemikotis\u00e4\u00e4ti\u00f6n viestint\u00e4\",\"@id\":\"https:\\\/\\\/niemikoti.fi\\\/#\\\/schema\\\/person\\\/31ffd9d2b2b8647bdd96db96286dc06c\"},\"headline\":\"Tio \u00e5r av erfarenhetsexpertis \u2013 festen i Kes\u00e4harju samlade d\u00e5tid och framtid\",\"datePublished\":\"2025-11-03T04:23:47+00:00\",\"dateModified\":\"2025-11-03T04:51:24+00:00\",\"mainEntityOfPage\":{\"@id\":\"https:\\\/\\\/niemikoti.fi\\\/sv\\\/tio-ar-av-erfarenhetsexpertis-festen-i-kesaharju-samlade-datid-och-framtid\\\/\"},\"wordCount\":689,\"publisher\":{\"@id\":\"https:\\\/\\\/niemikoti.fi\\\/#organization\"},\"image\":{\"@id\":\"https:\\\/\\\/niemikoti.fi\\\/sv\\\/tio-ar-av-erfarenhetsexpertis-festen-i-kesaharju-samlade-datid-och-framtid\\\/#primaryimage\"},\"thumbnailUrl\":\"https:\\\/\\\/niemikoti.fi\\\/wp-content\\\/uploads\\\/2025\\\/10\\\/aaaIMG_7779.jpg\",\"articleSection\":[\"Aktuellt\",\"Erfarenhetsexperter och serviceanv\u00e4ndare\"],\"inLanguage\":\"sv-SE\"},{\"@type\":\"WebPage\",\"@id\":\"https:\\\/\\\/niemikoti.fi\\\/sv\\\/tio-ar-av-erfarenhetsexpertis-festen-i-kesaharju-samlade-datid-och-framtid\\\/\",\"url\":\"https:\\\/\\\/niemikoti.fi\\\/sv\\\/tio-ar-av-erfarenhetsexpertis-festen-i-kesaharju-samlade-datid-och-framtid\\\/\",\"name\":\"Tio \u00e5r av erfarenhetsexpertis \u2013 festen i Kes\u00e4harju samlade d\u00e5tid och framtid - Niemikotis\u00e4\u00e4ti\u00f6\",\"isPartOf\":{\"@id\":\"https:\\\/\\\/niemikoti.fi\\\/#website\"},\"primaryImageOfPage\":{\"@id\":\"https:\\\/\\\/niemikoti.fi\\\/sv\\\/tio-ar-av-erfarenhetsexpertis-festen-i-kesaharju-samlade-datid-och-framtid\\\/#primaryimage\"},\"image\":{\"@id\":\"https:\\\/\\\/niemikoti.fi\\\/sv\\\/tio-ar-av-erfarenhetsexpertis-festen-i-kesaharju-samlade-datid-och-framtid\\\/#primaryimage\"},\"thumbnailUrl\":\"https:\\\/\\\/niemikoti.fi\\\/wp-content\\\/uploads\\\/2025\\\/10\\\/aaaIMG_7779.jpg\",\"datePublished\":\"2025-11-03T04:23:47+00:00\",\"dateModified\":\"2025-11-03T04:51:24+00:00\",\"breadcrumb\":{\"@id\":\"https:\\\/\\\/niemikoti.fi\\\/sv\\\/tio-ar-av-erfarenhetsexpertis-festen-i-kesaharju-samlade-datid-och-framtid\\\/#breadcrumb\"},\"inLanguage\":\"sv-SE\",\"potentialAction\":[{\"@type\":\"ReadAction\",\"target\":[\"https:\\\/\\\/niemikoti.fi\\\/sv\\\/tio-ar-av-erfarenhetsexpertis-festen-i-kesaharju-samlade-datid-och-framtid\\\/\"]}]},{\"@type\":\"ImageObject\",\"inLanguage\":\"sv-SE\",\"@id\":\"https:\\\/\\\/niemikoti.fi\\\/sv\\\/tio-ar-av-erfarenhetsexpertis-festen-i-kesaharju-samlade-datid-och-framtid\\\/#primaryimage\",\"url\":\"https:\\\/\\\/niemikoti.fi\\\/wp-content\\\/uploads\\\/2025\\\/10\\\/aaaIMG_7779.jpg\",\"contentUrl\":\"https:\\\/\\\/niemikoti.fi\\\/wp-content\\\/uploads\\\/2025\\\/10\\\/aaaIMG_7779.jpg\",\"width\":2000,\"height\":1292,\"caption\":\"Ryhm\u00e4 ihmisi\u00e4 seisoo ja istuu yhdess\u00e4 sis\u00e4tilassa, monet heist\u00e4 hymyilev\u00e4t ja poseeraavat kameralle.\"},{\"@type\":\"BreadcrumbList\",\"@id\":\"https:\\\/\\\/niemikoti.fi\\\/sv\\\/tio-ar-av-erfarenhetsexpertis-festen-i-kesaharju-samlade-datid-och-framtid\\\/#breadcrumb\",\"itemListElement\":[{\"@type\":\"ListItem\",\"position\":1,\"name\":\"Home\",\"item\":\"https:\\\/\\\/niemikoti.fi\\\/sv\\\/\"},{\"@type\":\"ListItem\",\"position\":2,\"name\":\"Tio \u00e5r av erfarenhetsexpertis \u2013 festen i Kes\u00e4harju samlade d\u00e5tid och framtid\"}]},{\"@type\":\"WebSite\",\"@id\":\"https:\\\/\\\/niemikoti.fi\\\/#website\",\"url\":\"https:\\\/\\\/niemikoti.fi\\\/\",\"name\":\"Niemikotis\u00e4\u00e4ti\u00f6\",\"description\":\"Yhdess\u00e4 jo 40 vuotta\",\"publisher\":{\"@id\":\"https:\\\/\\\/niemikoti.fi\\\/#organization\"},\"potentialAction\":[{\"@type\":\"SearchAction\",\"target\":{\"@type\":\"EntryPoint\",\"urlTemplate\":\"https:\\\/\\\/niemikoti.fi\\\/?s={search_term_string}\"},\"query-input\":{\"@type\":\"PropertyValueSpecification\",\"valueRequired\":true,\"valueName\":\"search_term_string\"}}],\"inLanguage\":\"sv-SE\"},{\"@type\":\"Organization\",\"@id\":\"https:\\\/\\\/niemikoti.fi\\\/#organization\",\"name\":\"Niemikotis\u00e4\u00e4ti\u00f6\",\"url\":\"https:\\\/\\\/niemikoti.fi\\\/\",\"logo\":{\"@type\":\"ImageObject\",\"inLanguage\":\"sv-SE\",\"@id\":\"https:\\\/\\\/niemikoti.fi\\\/#\\\/schema\\\/logo\\\/image\\\/\",\"url\":\"https:\\\/\\\/niemikoti.fi\\\/wp-content\\\/uploads\\\/2023\\\/02\\\/niemikotilogo40v_vaaka.png\",\"contentUrl\":\"https:\\\/\\\/niemikoti.fi\\\/wp-content\\\/uploads\\\/2023\\\/02\\\/niemikotilogo40v_vaaka.png\",\"width\":1147,\"height\":418,\"caption\":\"Niemikotis\u00e4\u00e4ti\u00f6\"},\"image\":{\"@id\":\"https:\\\/\\\/niemikoti.fi\\\/#\\\/schema\\\/logo\\\/image\\\/\"},\"sameAs\":[\"https:\\\/\\\/www.facebook.com\\\/niemikoti\",\"https:\\\/\\\/www.instagram.com\\\/niemikoti\\\/\",\"https:\\\/\\\/www.youtube.com\\\/channel\\\/UCfo6l7q45CD_derGzEH8XGA\"]},{\"@type\":\"Person\",\"@id\":\"https:\\\/\\\/niemikoti.fi\\\/#\\\/schema\\\/person\\\/31ffd9d2b2b8647bdd96db96286dc06c\",\"name\":\"Niemikotis\u00e4\u00e4ti\u00f6n viestint\u00e4\",\"image\":{\"@type\":\"ImageObject\",\"inLanguage\":\"sv-SE\",\"@id\":\"https:\\\/\\\/secure.gravatar.com\\\/avatar\\\/408e1c81a50332d703f9ab205319647097a27e0df578c498cabe8e9753b9afb0?s=96&d=blank&r=g\",\"url\":\"https:\\\/\\\/secure.gravatar.com\\\/avatar\\\/408e1c81a50332d703f9ab205319647097a27e0df578c498cabe8e9753b9afb0?s=96&d=blank&r=g\",\"contentUrl\":\"https:\\\/\\\/secure.gravatar.com\\\/avatar\\\/408e1c81a50332d703f9ab205319647097a27e0df578c498cabe8e9753b9afb0?s=96&d=blank&r=g\",\"caption\":\"Niemikotis\u00e4\u00e4ti\u00f6n viestint\u00e4\"},\"description\":\"Vuonna 1983 perustettu Niemikotis\u00e4\u00e4ti\u00f6 on voittoa tavoittelematon suomalainen verkostoitunut toimija, joka tuottaa monipuolisesti palveluja mielenterveyskuntoutujille. Ehk\u00e4isemme toiminnallamme syrj\u00e4ytymist\u00e4 ja eriarvoisuutta.\",\"url\":\"https:\\\/\\\/niemikoti.fi\\\/sv\\\/author\\\/katjalampela\\\/\"}]}<\/script>\n<!-- \/ Yoast SEO plugin. -->","yoast_head_json":{"title":"Tio \u00e5r av erfarenhetsexpertis \u2013 festen i Kes\u00e4harju samlade d\u00e5tid och framtid - Niemikotis\u00e4\u00e4ti\u00f6","robots":{"index":"index","follow":"follow","max-snippet":"max-snippet:-1","max-image-preview":"max-image-preview:large","max-video-preview":"max-video-preview:-1"},"canonical":"https:\/\/niemikoti.fi\/sv\/tio-ar-av-erfarenhetsexpertis-festen-i-kesaharju-samlade-datid-och-framtid\/","og_locale":"sv_SE","og_type":"article","og_title":"Tio \u00e5r av erfarenhetsexpertis \u2013 festen i Kes\u00e4harju samlade d\u00e5tid och framtid - Niemikotis\u00e4\u00e4ti\u00f6","og_description":"Den 10 oktober 2025 firades den tionde kursen av Niemikotis\u00e4\u00e4ti\u00f6s utbildning f\u00f6r erfarenhetsexperter i Kes\u00e4harju i Iitti. Utbildningens r\u00f6tter g\u00e5r tillbaka till h\u00f6sten 2015, d\u00e5 f\u00f6rberedelserna inleddes med mentorskap fr\u00e5n Centralf\u00f6rbundet...","og_url":"https:\/\/niemikoti.fi\/sv\/tio-ar-av-erfarenhetsexpertis-festen-i-kesaharju-samlade-datid-och-framtid\/","og_site_name":"Niemikotis\u00e4\u00e4ti\u00f6","article_publisher":"https:\/\/www.facebook.com\/niemikoti","article_published_time":"2025-11-03T04:23:47+00:00","article_modified_time":"2025-11-03T04:51:24+00:00","og_image":[{"width":2000,"height":1292,"url":"https:\/\/niemikoti.fi\/wp-content\/uploads\/2025\/10\/aaaIMG_7779.jpg","type":"image\/jpeg"}],"author":"Niemikotis\u00e4\u00e4ti\u00f6n viestint\u00e4","twitter_card":"summary_large_image","twitter_misc":{"Skriven av":"Niemikotis\u00e4\u00e4ti\u00f6n viestint\u00e4","Ber\u00e4knad l\u00e4stid":"3 minut"},"schema":{"@context":"https:\/\/schema.org","@graph":[{"@type":"Article","@id":"https:\/\/niemikoti.fi\/sv\/tio-ar-av-erfarenhetsexpertis-festen-i-kesaharju-samlade-datid-och-framtid\/#article","isPartOf":{"@id":"https:\/\/niemikoti.fi\/sv\/tio-ar-av-erfarenhetsexpertis-festen-i-kesaharju-samlade-datid-och-framtid\/"},"author":{"name":"Niemikotis\u00e4\u00e4ti\u00f6n viestint\u00e4","@id":"https:\/\/niemikoti.fi\/#\/schema\/person\/31ffd9d2b2b8647bdd96db96286dc06c"},"headline":"Tio \u00e5r av erfarenhetsexpertis \u2013 festen i Kes\u00e4harju samlade d\u00e5tid och framtid","datePublished":"2025-11-03T04:23:47+00:00","dateModified":"2025-11-03T04:51:24+00:00","mainEntityOfPage":{"@id":"https:\/\/niemikoti.fi\/sv\/tio-ar-av-erfarenhetsexpertis-festen-i-kesaharju-samlade-datid-och-framtid\/"},"wordCount":689,"publisher":{"@id":"https:\/\/niemikoti.fi\/#organization"},"image":{"@id":"https:\/\/niemikoti.fi\/sv\/tio-ar-av-erfarenhetsexpertis-festen-i-kesaharju-samlade-datid-och-framtid\/#primaryimage"},"thumbnailUrl":"https:\/\/niemikoti.fi\/wp-content\/uploads\/2025\/10\/aaaIMG_7779.jpg","articleSection":["Aktuellt","Erfarenhetsexperter och serviceanv\u00e4ndare"],"inLanguage":"sv-SE"},{"@type":"WebPage","@id":"https:\/\/niemikoti.fi\/sv\/tio-ar-av-erfarenhetsexpertis-festen-i-kesaharju-samlade-datid-och-framtid\/","url":"https:\/\/niemikoti.fi\/sv\/tio-ar-av-erfarenhetsexpertis-festen-i-kesaharju-samlade-datid-och-framtid\/","name":"Tio \u00e5r av erfarenhetsexpertis \u2013 festen i Kes\u00e4harju samlade d\u00e5tid och framtid - Niemikotis\u00e4\u00e4ti\u00f6","isPartOf":{"@id":"https:\/\/niemikoti.fi\/#website"},"primaryImageOfPage":{"@id":"https:\/\/niemikoti.fi\/sv\/tio-ar-av-erfarenhetsexpertis-festen-i-kesaharju-samlade-datid-och-framtid\/#primaryimage"},"image":{"@id":"https:\/\/niemikoti.fi\/sv\/tio-ar-av-erfarenhetsexpertis-festen-i-kesaharju-samlade-datid-och-framtid\/#primaryimage"},"thumbnailUrl":"https:\/\/niemikoti.fi\/wp-content\/uploads\/2025\/10\/aaaIMG_7779.jpg","datePublished":"2025-11-03T04:23:47+00:00","dateModified":"2025-11-03T04:51:24+00:00","breadcrumb":{"@id":"https:\/\/niemikoti.fi\/sv\/tio-ar-av-erfarenhetsexpertis-festen-i-kesaharju-samlade-datid-och-framtid\/#breadcrumb"},"inLanguage":"sv-SE","potentialAction":[{"@type":"ReadAction","target":["https:\/\/niemikoti.fi\/sv\/tio-ar-av-erfarenhetsexpertis-festen-i-kesaharju-samlade-datid-och-framtid\/"]}]},{"@type":"ImageObject","inLanguage":"sv-SE","@id":"https:\/\/niemikoti.fi\/sv\/tio-ar-av-erfarenhetsexpertis-festen-i-kesaharju-samlade-datid-och-framtid\/#primaryimage","url":"https:\/\/niemikoti.fi\/wp-content\/uploads\/2025\/10\/aaaIMG_7779.jpg","contentUrl":"https:\/\/niemikoti.fi\/wp-content\/uploads\/2025\/10\/aaaIMG_7779.jpg","width":2000,"height":1292,"caption":"Ryhm\u00e4 ihmisi\u00e4 seisoo ja istuu yhdess\u00e4 sis\u00e4tilassa, monet heist\u00e4 hymyilev\u00e4t ja poseeraavat kameralle."},{"@type":"BreadcrumbList","@id":"https:\/\/niemikoti.fi\/sv\/tio-ar-av-erfarenhetsexpertis-festen-i-kesaharju-samlade-datid-och-framtid\/#breadcrumb","itemListElement":[{"@type":"ListItem","position":1,"name":"Home","item":"https:\/\/niemikoti.fi\/sv\/"},{"@type":"ListItem","position":2,"name":"Tio \u00e5r av erfarenhetsexpertis \u2013 festen i Kes\u00e4harju samlade d\u00e5tid och framtid"}]},{"@type":"WebSite","@id":"https:\/\/niemikoti.fi\/#website","url":"https:\/\/niemikoti.fi\/","name":"Niemikotis\u00e4\u00e4ti\u00f6","description":"Yhdess\u00e4 jo 40 vuotta","publisher":{"@id":"https:\/\/niemikoti.fi\/#organization"},"potentialAction":[{"@type":"SearchAction","target":{"@type":"EntryPoint","urlTemplate":"https:\/\/niemikoti.fi\/?s={search_term_string}"},"query-input":{"@type":"PropertyValueSpecification","valueRequired":true,"valueName":"search_term_string"}}],"inLanguage":"sv-SE"},{"@type":"Organization","@id":"https:\/\/niemikoti.fi\/#organization","name":"Niemikotis\u00e4\u00e4ti\u00f6","url":"https:\/\/niemikoti.fi\/","logo":{"@type":"ImageObject","inLanguage":"sv-SE","@id":"https:\/\/niemikoti.fi\/#\/schema\/logo\/image\/","url":"https:\/\/niemikoti.fi\/wp-content\/uploads\/2023\/02\/niemikotilogo40v_vaaka.png","contentUrl":"https:\/\/niemikoti.fi\/wp-content\/uploads\/2023\/02\/niemikotilogo40v_vaaka.png","width":1147,"height":418,"caption":"Niemikotis\u00e4\u00e4ti\u00f6"},"image":{"@id":"https:\/\/niemikoti.fi\/#\/schema\/logo\/image\/"},"sameAs":["https:\/\/www.facebook.com\/niemikoti","https:\/\/www.instagram.com\/niemikoti\/","https:\/\/www.youtube.com\/channel\/UCfo6l7q45CD_derGzEH8XGA"]},{"@type":"Person","@id":"https:\/\/niemikoti.fi\/#\/schema\/person\/31ffd9d2b2b8647bdd96db96286dc06c","name":"Niemikotis\u00e4\u00e4ti\u00f6n viestint\u00e4","image":{"@type":"ImageObject","inLanguage":"sv-SE","@id":"https:\/\/secure.gravatar.com\/avatar\/408e1c81a50332d703f9ab205319647097a27e0df578c498cabe8e9753b9afb0?s=96&d=blank&r=g","url":"https:\/\/secure.gravatar.com\/avatar\/408e1c81a50332d703f9ab205319647097a27e0df578c498cabe8e9753b9afb0?s=96&d=blank&r=g","contentUrl":"https:\/\/secure.gravatar.com\/avatar\/408e1c81a50332d703f9ab205319647097a27e0df578c498cabe8e9753b9afb0?s=96&d=blank&r=g","caption":"Niemikotis\u00e4\u00e4ti\u00f6n viestint\u00e4"},"description":"Vuonna 1983 perustettu Niemikotis\u00e4\u00e4ti\u00f6 on voittoa tavoittelematon suomalainen verkostoitunut toimija, joka tuottaa monipuolisesti palveluja mielenterveyskuntoutujille. Ehk\u00e4isemme toiminnallamme syrj\u00e4ytymist\u00e4 ja eriarvoisuutta.","url":"https:\/\/niemikoti.fi\/sv\/author\/katjalampela\/"}]}},"taxonomy_info":{"category":[{"value":736,"label":"Aktuellt"},{"value":837,"label":"Erfarenhetsexperter och serviceanv\u00e4ndare"}]},"featured_image_src_large":["https:\/\/niemikoti.fi\/wp-content\/uploads\/2025\/10\/aaaIMG_7779-1024x662.jpg",1024,662,true],"author_info":{"display_name":"Niemikotis\u00e4\u00e4ti\u00f6n viestint\u00e4","author_link":"https:\/\/niemikoti.fi\/sv\/author\/katjalampela\/"},"comment_info":0,"category_info":[{"term_id":736,"name":"Aktuellt","slug":"okategoriserad","term_group":0,"term_taxonomy_id":736,"taxonomy":"category","description":"","parent":0,"count":38,"filter":"raw","cat_ID":736,"category_count":38,"category_description":"","cat_name":"Aktuellt","category_nicename":"okategoriserad","category_parent":0},{"term_id":837,"name":"Erfarenhetsexperter och serviceanv\u00e4ndare","slug":"erfarenhetsexperter-och-serviceanvandare","term_group":0,"term_taxonomy_id":837,"taxonomy":"category","description":"","parent":0,"count":16,"filter":"raw","cat_ID":837,"category_count":16,"category_description":"","cat_name":"Erfarenhetsexperter och serviceanv\u00e4ndare","category_nicename":"erfarenhetsexperter-och-serviceanvandare","category_parent":0}],"tag_info":false,"_links":{"self":[{"href":"https:\/\/niemikoti.fi\/sv\/wp-json\/wp\/v2\/posts\/48138","targetHints":{"allow":["GET"]}}],"collection":[{"href":"https:\/\/niemikoti.fi\/sv\/wp-json\/wp\/v2\/posts"}],"about":[{"href":"https:\/\/niemikoti.fi\/sv\/wp-json\/wp\/v2\/types\/post"}],"author":[{"embeddable":true,"href":"https:\/\/niemikoti.fi\/sv\/wp-json\/wp\/v2\/users\/2"}],"replies":[{"embeddable":true,"href":"https:\/\/niemikoti.fi\/sv\/wp-json\/wp\/v2\/comments?post=48138"}],"version-history":[{"count":2,"href":"https:\/\/niemikoti.fi\/sv\/wp-json\/wp\/v2\/posts\/48138\/revisions"}],"predecessor-version":[{"id":48147,"href":"https:\/\/niemikoti.fi\/sv\/wp-json\/wp\/v2\/posts\/48138\/revisions\/48147"}],"wp:featuredmedia":[{"embeddable":true,"href":"https:\/\/niemikoti.fi\/sv\/wp-json\/wp\/v2\/media\/48008"}],"wp:attachment":[{"href":"https:\/\/niemikoti.fi\/sv\/wp-json\/wp\/v2\/media?parent=48138"}],"wp:term":[{"taxonomy":"category","embeddable":true,"href":"https:\/\/niemikoti.fi\/sv\/wp-json\/wp\/v2\/categories?post=48138"},{"taxonomy":"post_tag","embeddable":true,"href":"https:\/\/niemikoti.fi\/sv\/wp-json\/wp\/v2\/tags?post=48138"},{"taxonomy":"yksikkokategoria","embeddable":true,"href":"https:\/\/niemikoti.fi\/sv\/wp-json\/wp\/v2\/yksikkokategoria?post=48138"},{"taxonomy":"sisaltoluokka","embeddable":true,"href":"https:\/\/niemikoti.fi\/sv\/wp-json\/wp\/v2\/sisaltoluokka?post=48138"}],"curies":[{"name":"wp","href":"https:\/\/api.w.org\/{rel}","templated":true}]}}