{"id":47137,"date":"2025-09-22T06:00:00","date_gmt":"2025-09-22T03:00:00","guid":{"rendered":"https:\/\/niemikoti.fi\/?p=47137"},"modified":"2025-10-07T06:37:17","modified_gmt":"2025-10-07T03:37:17","slug":"stiftelsen-uddhemmets-styrelse-samlades-vid-verksamhetscentret-kesaharju","status":"publish","type":"post","link":"https:\/\/niemikoti.fi\/sv\/stiftelsen-uddhemmets-styrelse-samlades-vid-verksamhetscentret-kesaharju\/","title":{"rendered":"Stiftelsen Uddhemmet:s styrelse samlades vid verksamhetscentret Kes\u00e4harju"},"content":{"rendered":"<style>.kb-row-layout-id47137_ad22f0-12 > .kt-row-column-wrap{align-content:center;}:where(.kb-row-layout-id47137_ad22f0-12 > .kt-row-column-wrap) > .wp-block-kadence-column{justify-content:center;}.kb-row-layout-id47137_ad22f0-12 > .kt-row-column-wrap{column-gap:var(--global-kb-gap-md, 2rem);row-gap:var(--global-kb-gap-md, 2rem);padding-top:var(--global-kb-spacing-sm, 1.5rem);padding-bottom:var(--global-kb-spacing-sm, 1.5rem);grid-template-columns:repeat(2, minmax(0, 1fr));}.kb-row-layout-id47137_ad22f0-12 > .kt-row-layout-overlay{opacity:0.30;}@media all and (max-width: 1024px){.kb-row-layout-id47137_ad22f0-12 > .kt-row-column-wrap{grid-template-columns:repeat(2, minmax(0, 1fr));}}@media all and (max-width: 767px){.kb-row-layout-id47137_ad22f0-12 > .kt-row-column-wrap{grid-template-columns:minmax(0, 1fr);}}<\/style><div class=\"kb-row-layout-wrap kb-row-layout-id47137_ad22f0-12 alignnone wp-block-kadence-rowlayout\"><div class=\"kt-row-column-wrap kt-has-2-columns kt-row-layout-equal kt-tab-layout-inherit kt-mobile-layout-row kt-row-valign-middle\">\n<style>.kadence-column47137_361ade-69 > .kt-inside-inner-col{display:flex;}.kadence-column47137_361ade-69 > .kt-inside-inner-col,.kadence-column47137_361ade-69 > .kt-inside-inner-col:before{border-top-left-radius:0px;border-top-right-radius:0px;border-bottom-right-radius:0px;border-bottom-left-radius:0px;}.kadence-column47137_361ade-69 > .kt-inside-inner-col{column-gap:var(--global-kb-gap-sm, 1rem);}.kadence-column47137_361ade-69 > .kt-inside-inner-col{flex-direction:column;justify-content:flex-end;}.kadence-column47137_361ade-69 > .kt-inside-inner-col > .aligncenter{width:100%;}.kt-row-column-wrap > .kadence-column47137_361ade-69{align-self:flex-end;}.kt-inner-column-height-full:not(.kt-has-1-columns) > .wp-block-kadence-column.kadence-column47137_361ade-69{align-self:auto;}.kt-inner-column-height-full:not(.kt-has-1-columns) > .wp-block-kadence-column.kadence-column47137_361ade-69 > .kt-inside-inner-col{flex-direction:column;justify-content:flex-end;}.kadence-column47137_361ade-69 > .kt-inside-inner-col:before{opacity:0.3;}.kadence-column47137_361ade-69{position:relative;}@media all and (max-width: 1024px){.kt-row-column-wrap > .kadence-column47137_361ade-69{align-self:flex-end;}}@media all and (max-width: 1024px){.kt-inner-column-height-full:not(.kt-has-1-columns) > .wp-block-kadence-column.kadence-column47137_361ade-69{align-self:auto;}}@media all and (max-width: 1024px){.kt-inner-column-height-full:not(.kt-has-1-columns) > .wp-block-kadence-column.kadence-column47137_361ade-69 > .kt-inside-inner-col{flex-direction:column;justify-content:flex-end;}}@media all and (max-width: 1024px){.kadence-column47137_361ade-69 > .kt-inside-inner-col{flex-direction:column;justify-content:flex-end;}}@media all and (max-width: 767px){.kt-row-column-wrap > .kadence-column47137_361ade-69{align-self:flex-end;}.kt-inner-column-height-full:not(.kt-has-1-columns) > .wp-block-kadence-column.kadence-column47137_361ade-69{align-self:auto;}.kt-inner-column-height-full:not(.kt-has-1-columns) > .wp-block-kadence-column.kadence-column47137_361ade-69 > .kt-inside-inner-col{flex-direction:column;justify-content:flex-end;}.kadence-column47137_361ade-69 > .kt-inside-inner-col{flex-direction:column;justify-content:flex-end;}}<\/style>\n<div class=\"wp-block-kadence-column kadence-column47137_361ade-69\"><div class=\"kt-inside-inner-col\">\n<p class=\"has-medium-font-size\">Stiftelsen Uddhemmet sr:s styrelse samlades fredagen den 19 september 2025 i Kes\u00e4harju f\u00f6r ett m\u00f6te och en strategigenomg\u00e5ng. Styrelsens m\u00f6ten ordnas i m\u00f6jligaste m\u00e5n vid stiftelsens olika enheter, s\u00e5 att verksamheten samtidigt blir bekant f\u00f6r medlemmarna. Ut\u00f6ver det egentliga m\u00f6tet behandlade styrelsen fem centrala strategiska teman: ekonomi, tj\u00e4nster och lokaler, personal, utveckling samt kommunikation.<\/p>\n\n\n\n<p>Styrelsens uppgift \u00e4r att ansvara f\u00f6r stiftelsens f\u00f6rvaltning, s\u00e4kerst\u00e4lla att verksamhet och ekonomi \u00e4r \u00e4ndam\u00e5lsenligt organiserade och fr\u00e4mja stiftelsens syfte \u2013 att st\u00e4rka boende, st\u00f6d och delaktighet f\u00f6r personer i psykisk rehabilitering. Styrelsen sammantr\u00e4der 6\u20137 g\u00e5nger per \u00e5r.<\/p>\n\n\n\n<p>Kes\u00e4harju erbj\u00f6d utm\u00e4rkta ramar f\u00f6r m\u00f6tet. \u00c4ven om h\u00f6stf\u00e4rgerna \u00e4nnu inte hade n\u00e5tt sin fulla prakt, p\u00e5minde den rikliga svampsk\u00f6rden om \u00e5rstiden. I samband med m\u00f6tet gjorde styrelsen en rundtur p\u00e5 omr\u00e5det, fr\u00e5n strandbastun och vidare genom byggnaderna, som gjorde starkt intryck p\u00e5 deltagarna. Kes\u00e4harju, med sin storslagna natur, visade sig fr\u00e5n sin b\u00e4sta sida och fick ett varmt mottagande av styrelsemedlemmarna.<\/p>\n\n\n\n<p>St\u00e4mningen f\u00f6rh\u00f6jdes ytterligare av de l\u00e4ckra f\u00f6rt\u00e4ringar som Kes\u00e4harjus personal hade ordnat, samt av bes\u00f6ket av gruppen fr\u00e5n&nbsp;<em>Vihre\u00e4 Keidas<\/em>, vars n\u00e4rvaro tillf\u00f6rde dagen liv och gemenskap.<\/p>\n\n\n\n<p class=\"has-text-align-right\" style=\"font-size:13px\"><em>P\u00e5 f\u00f6rsta bilden, fr\u00e4mre raden fr\u00e5n v\u00e4nster:\u00a0<\/em><br><em>Laura Pikkarainen (ordf.), Hanna Kari och Timo Mutalahti<br>I mitten, fr\u00e5n v\u00e4nster:\u00a0Seppo Eronen, Henna Hopia och Jouni Nisula<br>Bakre raden, fr\u00e5n v\u00e4nster:\u00a0Sanni Koivuluoma, <\/em><br><em>Kaisu Maunuksela (vordf.) och Riikka Henriksson<\/em><\/p>\n<\/div><\/div>\n\n\n<style>.kadence-column47137_253596-b2 > .kt-inside-inner-col,.kadence-column47137_253596-b2 > .kt-inside-inner-col:before{border-top-left-radius:0px;border-top-right-radius:0px;border-bottom-right-radius:0px;border-bottom-left-radius:0px;}.kadence-column47137_253596-b2 > .kt-inside-inner-col{column-gap:var(--global-kb-gap-sm, 1rem);}.kadence-column47137_253596-b2 > .kt-inside-inner-col{flex-direction:column;}.kadence-column47137_253596-b2 > .kt-inside-inner-col > .aligncenter{width:100%;}.kadence-column47137_253596-b2 > .kt-inside-inner-col:before{opacity:0.3;}.kadence-column47137_253596-b2{position:relative;}@media all and (max-width: 1024px){.kadence-column47137_253596-b2 > .kt-inside-inner-col{flex-direction:column;justify-content:center;}}@media all and (max-width: 767px){.kadence-column47137_253596-b2 > .kt-inside-inner-col{flex-direction:column;justify-content:center;}}<\/style>\n<div class=\"wp-block-kadence-column kadence-column47137_253596-b2\"><div class=\"kt-inside-inner-col\"><style>.kb-gallery-type-thumbslider.kb-gallery-id-47137_32e90b-a8 .kt-blocks-carousel-init {margin-bottom:10px;}.kb-gallery-id-47137_32e90b-a8 .kadence-blocks-gallery-item .kb-gal-image-radius, .kb-gallery-id-47137_32e90b-a8 .kb-slide-item .kb-gal-image-radius img{border-radius:0px 0px 0px 0px;;}<\/style><div class=\"kb-gallery-wrap-id-47137_32e90b-a8 alignnone wp-block-kadence-advancedgallery\"><div class=\"kb-gallery-ul kb-gallery-non-static kb-gallery-type-thumbslider kb-gallery-id-47137_32e90b-a8 kb-gallery-caption-style-bottom-hover kb-gallery-filter-none\" data-image-filter=\"none\" data-lightbox-caption=\"true\"><div class=\"kt-blocks-carousel kt-carousel-container-dotstyle-none\"><div id=\"kb-slider-47137_32e90b-a8\" class=\"kt-blocks-carousel-init splide kb-blocks-slider kt-carousel-arrowstyle-whiteondark kt-carousel-dotstyle-none kb-slider-group-arrow kb-slider-arrow-position-center\" data-columns-xxl=\"3\" data-columns-xl=\"3\" data-columns-md=\"3\" data-columns-sm=\"3\" data-columns-xs=\"3\" data-columns-ss=\"3\" data-slider-anim-speed=\"400\" data-slider-scroll=\"1\" data-slider-arrows=\"true\" data-slider-fade=\"true\" data-slider-dots=\"false\" data-slider-hover-pause=\"false\" data-slider-type=\"thumbnail\" data-slider-nav=\"kb-thumb-slider-47137_32e90b-a8\"  data-slider-auto=\"\" data-slider-speed=\"7000\" data-slider-gap=\"10px\" data-slider-gap-tablet=\"10px\" data-slider-gap-mobile=\"10px\" data-show-pause-button=\"false\"><div class=\"splide__track\"><ul class=\"splide__list\"><li class=\"kb-slide-item kb-gallery-carousel-item splide__slide\"><div class=\"kadence-blocks-gallery-item\"><div class=\"kadence-blocks-gallery-item-inner\"><figure class=\"kb-gallery-figure kadence-blocks-gallery-item-hide-caption\"><div class=\"kb-gal-image-radius\"><div class=\"kb-gallery-image-contain kadence-blocks-gallery-intrinsic kb-gallery-image-ratio-square kb-has-image-ratio-square\" ><img loading=\"lazy\" decoding=\"async\" src=\"https:\/\/niemikoti.fi\/wp-content\/uploads\/2025\/09\/a-IMG_7579-945x1024.jpg\" width=\"945\" height=\"1024\" alt=\"Ryhm\u00e4 ihmisi\u00e4 seisoo portailla vanhan talon edess\u00e4, taustalla n\u00e4kyy valkoisia sein\u00e4elementtej\u00e4 ja kukkia.\" data-full-image=\"https:\/\/niemikoti.fi\/wp-content\/uploads\/2025\/09\/a-IMG_7579-scaled.jpg\" data-light-image=\"https:\/\/niemikoti.fi\/wp-content\/uploads\/2025\/09\/a-IMG_7579-scaled.jpg\" data-id=\"46802\" class=\"wp-image-46802 skip-lazy\" srcset=\"https:\/\/niemikoti.fi\/wp-content\/uploads\/2025\/09\/a-IMG_7579-945x1024.jpg 945w, https:\/\/niemikoti.fi\/wp-content\/uploads\/2025\/09\/a-IMG_7579-277x300.jpg 277w, https:\/\/niemikoti.fi\/wp-content\/uploads\/2025\/09\/a-IMG_7579-768x832.jpg 768w, https:\/\/niemikoti.fi\/wp-content\/uploads\/2025\/09\/a-IMG_7579-1417x1536.jpg 1417w, https:\/\/niemikoti.fi\/wp-content\/uploads\/2025\/09\/a-IMG_7579-1889x2048.jpg 1889w, https:\/\/niemikoti.fi\/wp-content\/uploads\/2025\/09\/a-IMG_7579-1320x1431.jpg 1320w\" sizes=\"auto, (max-width: 945px) 100vw, 945px\" \/><\/div><\/div><\/figure><\/div><\/div><\/li><li class=\"kb-slide-item kb-gallery-carousel-item splide__slide\"><div class=\"kadence-blocks-gallery-item\"><div class=\"kadence-blocks-gallery-item-inner\"><figure class=\"kb-gallery-figure kadence-blocks-gallery-item-hide-caption\"><div class=\"kb-gal-image-radius\"><div class=\"kb-gallery-image-contain kadence-blocks-gallery-intrinsic kb-gallery-image-ratio-square kb-has-image-ratio-square\" ><img loading=\"lazy\" decoding=\"async\" src=\"https:\/\/niemikoti.fi\/wp-content\/uploads\/2025\/09\/a-IMG_7573-1024x768.jpg\" width=\"1024\" height=\"768\" alt=\"Kaksi henkil\u00f6\u00e4 tarkastelee vanhoja valokuvia valoisassa huoneessa, jossa on mukavia tuoleja ja ikkunoita.\" data-full-image=\"https:\/\/niemikoti.fi\/wp-content\/uploads\/2025\/09\/a-IMG_7573-scaled.jpg\" data-light-image=\"https:\/\/niemikoti.fi\/wp-content\/uploads\/2025\/09\/a-IMG_7573-scaled.jpg\" data-id=\"46800\" class=\"wp-image-46800 skip-lazy\" srcset=\"https:\/\/niemikoti.fi\/wp-content\/uploads\/2025\/09\/a-IMG_7573-1024x768.jpg 1024w, https:\/\/niemikoti.fi\/wp-content\/uploads\/2025\/09\/a-IMG_7573-300x225.jpg 300w, https:\/\/niemikoti.fi\/wp-content\/uploads\/2025\/09\/a-IMG_7573-768x576.jpg 768w, https:\/\/niemikoti.fi\/wp-content\/uploads\/2025\/09\/a-IMG_7573-1536x1152.jpg 1536w, https:\/\/niemikoti.fi\/wp-content\/uploads\/2025\/09\/a-IMG_7573-2048x1536.jpg 2048w, https:\/\/niemikoti.fi\/wp-content\/uploads\/2025\/09\/a-IMG_7573-1320x990.jpg 1320w\" sizes=\"auto, (max-width: 1024px) 100vw, 1024px\" \/><\/div><\/div><\/figure><\/div><\/div><\/li><li class=\"kb-slide-item kb-gallery-carousel-item splide__slide\"><div class=\"kadence-blocks-gallery-item\"><div class=\"kadence-blocks-gallery-item-inner\"><figure class=\"kb-gallery-figure kadence-blocks-gallery-item-hide-caption\"><div class=\"kb-gal-image-radius\"><div class=\"kb-gallery-image-contain kadence-blocks-gallery-intrinsic kb-gallery-image-ratio-square kb-has-image-ratio-square\" ><img loading=\"lazy\" decoding=\"async\" src=\"https:\/\/niemikoti.fi\/wp-content\/uploads\/2025\/09\/a-IMG_7570-1024x768.jpg\" width=\"1024\" height=\"768\" alt=\"Ryhm\u00e4 ihmisi\u00e4 keskustelee ulkona mets\u00e4isess\u00e4 ymp\u00e4rist\u00f6ss\u00e4 j\u00e4rven rannalla.\" data-full-image=\"https:\/\/niemikoti.fi\/wp-content\/uploads\/2025\/09\/a-IMG_7570-scaled.jpg\" data-light-image=\"https:\/\/niemikoti.fi\/wp-content\/uploads\/2025\/09\/a-IMG_7570-scaled.jpg\" data-id=\"46799\" class=\"wp-image-46799 skip-lazy\" srcset=\"https:\/\/niemikoti.fi\/wp-content\/uploads\/2025\/09\/a-IMG_7570-1024x768.jpg 1024w, https:\/\/niemikoti.fi\/wp-content\/uploads\/2025\/09\/a-IMG_7570-300x225.jpg 300w, https:\/\/niemikoti.fi\/wp-content\/uploads\/2025\/09\/a-IMG_7570-768x576.jpg 768w, https:\/\/niemikoti.fi\/wp-content\/uploads\/2025\/09\/a-IMG_7570-1536x1152.jpg 1536w, https:\/\/niemikoti.fi\/wp-content\/uploads\/2025\/09\/a-IMG_7570-2048x1536.jpg 2048w, https:\/\/niemikoti.fi\/wp-content\/uploads\/2025\/09\/a-IMG_7570-1320x990.jpg 1320w\" sizes=\"auto, (max-width: 1024px) 100vw, 1024px\" \/><\/div><\/div><\/figure><\/div><\/div><\/li><\/ul><\/div><\/div><div id=\"kb-thumb-slider-47137_32e90b-a8\" class=\"kb-blocks-slider splide kt-carousel-arrowstyle-whiteondark kt-carousel-dotstyle-none\" data-slider-anim-speed=\"400\" data-slider-scroll=\"1\" data-slider-arrows=\"true\" data-slider-fade=\"true\" data-slider-dots=\"false\" data-slider-hover-pause=\"false\" data-slider-speed=\"7000\" data-slider-type=\"thumbnail\" data-slider-nav=\"kb-slider-47137_32e90b-a8\"><div class=\"splide__track\"><ul class=\"splide__list\"><li class=\"kb-slide-item kb-gallery-carousel-item splide__slide\"><div class=\"kadence-blocks-gallery-thumb-item\"><div class=\"kadence-blocks-gallery-thumb-item-inner\"><figure class=\"kb-gallery-figure\"><div class=\"kb-gal-image-radius\"><div class=\"kb-gallery-image-contain kadence-blocks-gallery-intrinsic kb-gallery-image-ratio-square kb-has-image-ratio-square\" ><img loading=\"lazy\" decoding=\"async\" src=\"https:\/\/niemikoti.fi\/wp-content\/uploads\/2025\/09\/a-IMG_7579-scaled.jpg\" width=\"945\" height=\"1024\" alt=\"Ryhm\u00e4 ihmisi\u00e4 seisoo portailla vanhan talon edess\u00e4, taustalla n\u00e4kyy valkoisia sein\u00e4elementtej\u00e4 ja kukkia.\" data-full-image=\"https:\/\/niemikoti.fi\/wp-content\/uploads\/2025\/09\/a-IMG_7579-scaled.jpg\" data-light-image=\"https:\/\/niemikoti.fi\/wp-content\/uploads\/2025\/09\/a-IMG_7579-scaled.jpg\" data-id=\"46802\" class=\"wp-image-46802 skip-lazy\" srcset=\"https:\/\/niemikoti.fi\/wp-content\/uploads\/2025\/09\/a-IMG_7579-scaled.jpg 2362w, https:\/\/niemikoti.fi\/wp-content\/uploads\/2025\/09\/a-IMG_7579-277x300.jpg 277w, https:\/\/niemikoti.fi\/wp-content\/uploads\/2025\/09\/a-IMG_7579-945x1024.jpg 945w, https:\/\/niemikoti.fi\/wp-content\/uploads\/2025\/09\/a-IMG_7579-768x832.jpg 768w, https:\/\/niemikoti.fi\/wp-content\/uploads\/2025\/09\/a-IMG_7579-1417x1536.jpg 1417w, https:\/\/niemikoti.fi\/wp-content\/uploads\/2025\/09\/a-IMG_7579-1889x2048.jpg 1889w, https:\/\/niemikoti.fi\/wp-content\/uploads\/2025\/09\/a-IMG_7579-1320x1431.jpg 1320w\" sizes=\"auto, (max-width: 945px) 100vw, 945px\" \/><\/div><\/div><\/figure><\/div><\/div><\/li><li class=\"kb-slide-item kb-gallery-carousel-item splide__slide\"><div class=\"kadence-blocks-gallery-thumb-item\"><div class=\"kadence-blocks-gallery-thumb-item-inner\"><figure class=\"kb-gallery-figure\"><div class=\"kb-gal-image-radius\"><div class=\"kb-gallery-image-contain kadence-blocks-gallery-intrinsic kb-gallery-image-ratio-square kb-has-image-ratio-square\" ><img loading=\"lazy\" decoding=\"async\" src=\"https:\/\/niemikoti.fi\/wp-content\/uploads\/2025\/09\/a-IMG_7573-scaled.jpg\" width=\"1024\" height=\"768\" alt=\"Kaksi henkil\u00f6\u00e4 tarkastelee vanhoja valokuvia valoisassa huoneessa, jossa on mukavia tuoleja ja ikkunoita.\" data-full-image=\"https:\/\/niemikoti.fi\/wp-content\/uploads\/2025\/09\/a-IMG_7573-scaled.jpg\" data-light-image=\"https:\/\/niemikoti.fi\/wp-content\/uploads\/2025\/09\/a-IMG_7573-scaled.jpg\" data-id=\"46800\" class=\"wp-image-46800 skip-lazy\" srcset=\"https:\/\/niemikoti.fi\/wp-content\/uploads\/2025\/09\/a-IMG_7573-scaled.jpg 2560w, https:\/\/niemikoti.fi\/wp-content\/uploads\/2025\/09\/a-IMG_7573-300x225.jpg 300w, https:\/\/niemikoti.fi\/wp-content\/uploads\/2025\/09\/a-IMG_7573-1024x768.jpg 1024w, https:\/\/niemikoti.fi\/wp-content\/uploads\/2025\/09\/a-IMG_7573-768x576.jpg 768w, https:\/\/niemikoti.fi\/wp-content\/uploads\/2025\/09\/a-IMG_7573-1536x1152.jpg 1536w, https:\/\/niemikoti.fi\/wp-content\/uploads\/2025\/09\/a-IMG_7573-2048x1536.jpg 2048w, https:\/\/niemikoti.fi\/wp-content\/uploads\/2025\/09\/a-IMG_7573-1320x990.jpg 1320w\" sizes=\"auto, (max-width: 1024px) 100vw, 1024px\" \/><\/div><\/div><\/figure><\/div><\/div><\/li><li class=\"kb-slide-item kb-gallery-carousel-item splide__slide\"><div class=\"kadence-blocks-gallery-thumb-item\"><div class=\"kadence-blocks-gallery-thumb-item-inner\"><figure class=\"kb-gallery-figure\"><div class=\"kb-gal-image-radius\"><div class=\"kb-gallery-image-contain kadence-blocks-gallery-intrinsic kb-gallery-image-ratio-square kb-has-image-ratio-square\" ><img loading=\"lazy\" decoding=\"async\" src=\"https:\/\/niemikoti.fi\/wp-content\/uploads\/2025\/09\/a-IMG_7570-scaled.jpg\" width=\"1024\" height=\"768\" alt=\"Ryhm\u00e4 ihmisi\u00e4 keskustelee ulkona mets\u00e4isess\u00e4 ymp\u00e4rist\u00f6ss\u00e4 j\u00e4rven rannalla.\" data-full-image=\"https:\/\/niemikoti.fi\/wp-content\/uploads\/2025\/09\/a-IMG_7570-scaled.jpg\" data-light-image=\"https:\/\/niemikoti.fi\/wp-content\/uploads\/2025\/09\/a-IMG_7570-scaled.jpg\" data-id=\"46799\" class=\"wp-image-46799 skip-lazy\" srcset=\"https:\/\/niemikoti.fi\/wp-content\/uploads\/2025\/09\/a-IMG_7570-scaled.jpg 2560w, https:\/\/niemikoti.fi\/wp-content\/uploads\/2025\/09\/a-IMG_7570-300x225.jpg 300w, https:\/\/niemikoti.fi\/wp-content\/uploads\/2025\/09\/a-IMG_7570-1024x768.jpg 1024w, https:\/\/niemikoti.fi\/wp-content\/uploads\/2025\/09\/a-IMG_7570-768x576.jpg 768w, https:\/\/niemikoti.fi\/wp-content\/uploads\/2025\/09\/a-IMG_7570-1536x1152.jpg 1536w, https:\/\/niemikoti.fi\/wp-content\/uploads\/2025\/09\/a-IMG_7570-2048x1536.jpg 2048w, https:\/\/niemikoti.fi\/wp-content\/uploads\/2025\/09\/a-IMG_7570-1320x990.jpg 1320w\" sizes=\"auto, (max-width: 1024px) 100vw, 1024px\" \/><\/div><\/div><\/figure><\/div><\/div><\/li><\/ul><\/div><\/div><\/div><\/div><\/div><\/div><\/div>\n\n<\/div><\/div>\n\n\n<p><\/p>\n<div style=\"margin: 20px 0;\"><div class=\"qrcswholewtapper\" style=\"text-align:left;\"><div class=\"qrcprowrapper\"  id=\"qrcwraa2leds\"><div class=\"qrc_canvass\" id=\"qrc_cuttenpages_2\" style=\"display:none\" data-text=\"https:\/\/niemikoti.fi\/sv\/stiftelsen-uddhemmets-styrelse-samlades-vid-verksamhetscentret-kesaharju\/\"><\/div><div><a download=\"Stiftelsen Uddhemmet:s styrelse samlades vid verksamhetscentret Kes\u00e4harju.png\" class=\"qrcdownloads\" id=\"worign\">\r\n           <button type=\"button\" style=\"min-width:200px;background:#c8fd8c;color:#000;font-weight: 600;border: 1px solid #dddddd;border-radius:4px;font-size:12px;padding: 6px 0;\" class=\"uqr_code_btn\">Lataa QR-koodi<\/button>\r\n           <\/a><\/div><\/div><\/div><\/div>","protected":false},"excerpt":{"rendered":"<p>Stiftelsen Uddhemmet sr:s styrelse samlades fredagen den 19 september 2025 i Kes\u00e4harju f\u00f6r ett m\u00f6te och en strategigenomg\u00e5ng. Styrelsens m\u00f6ten ordnas i m\u00f6jligaste m\u00e5n vid stiftelsens olika enheter, s\u00e5 att verksamheten&#8230;<\/p>\n","protected":false},"author":2,"featured_media":47136,"comment_status":"closed","ping_status":"open","sticky":false,"template":"","format":"standard","meta":{"_kad_blocks_custom_css":"","_kad_blocks_head_custom_js":"","_kad_blocks_body_custom_js":"","_kad_blocks_footer_custom_js":"","_kad_post_transparent":"","_kad_post_title":"","_kad_post_layout":"","_kad_post_sidebar_id":"","_kad_post_content_style":"","_kad_post_vertical_padding":"","_kad_post_feature":"","_kad_post_feature_position":"","_kad_post_header":false,"_kad_post_footer":false,"_kad_post_classname":"","cybocfi_hide_featured_image":"","footnotes":"","_links_to":"","_links_to_target":""},"categories":[736,762,847,847],"tags":[],"yksikkokategoria":[],"sisaltoluokka":[800],"class_list":{"0":"post-47137","1":"post","2":"type-post","3":"status-publish","4":"format-standard","5":"has-post-thumbnail","6":"hentry","7":"category-okategoriserad","8":"category-kvalitetsarbete","9":"category-verksamhetsutveckling","11":"sisaltoluokka-verkostoituminen-organisaatio"},"yoast_head":"<!-- This site is optimized with the Yoast SEO plugin v27.4 - https:\/\/yoast.com\/product\/yoast-seo-wordpress\/ -->\n<title>Stiftelsen Uddhemmet:s styrelse samlades vid verksamhetscentret Kes\u00e4harju - Niemikotis\u00e4\u00e4ti\u00f6<\/title>\n<meta name=\"robots\" content=\"index, follow, max-snippet:-1, max-image-preview:large, max-video-preview:-1\" \/>\n<link rel=\"canonical\" href=\"https:\/\/niemikoti.fi\/sv\/stiftelsen-uddhemmets-styrelse-samlades-vid-verksamhetscentret-kesaharju\/\" \/>\n<meta property=\"og:locale\" content=\"sv_SE\" \/>\n<meta property=\"og:type\" content=\"article\" \/>\n<meta property=\"og:title\" content=\"Stiftelsen Uddhemmet:s styrelse samlades vid verksamhetscentret Kes\u00e4harju - Niemikotis\u00e4\u00e4ti\u00f6\" \/>\n<meta property=\"og:description\" content=\"Stiftelsen Uddhemmet sr:s styrelse samlades fredagen den 19 september 2025 i Kes\u00e4harju f\u00f6r ett m\u00f6te och en strategigenomg\u00e5ng. Styrelsens m\u00f6ten ordnas i m\u00f6jligaste m\u00e5n vid stiftelsens olika enheter, s\u00e5 att verksamheten...\" \/>\n<meta property=\"og:url\" content=\"https:\/\/niemikoti.fi\/sv\/stiftelsen-uddhemmets-styrelse-samlades-vid-verksamhetscentret-kesaharju\/\" \/>\n<meta property=\"og:site_name\" content=\"Niemikotis\u00e4\u00e4ti\u00f6\" \/>\n<meta property=\"article:publisher\" content=\"https:\/\/www.facebook.com\/niemikoti\" \/>\n<meta property=\"article:published_time\" content=\"2025-09-22T03:00:00+00:00\" \/>\n<meta property=\"article:modified_time\" content=\"2025-10-07T03:37:17+00:00\" \/>\n<meta property=\"og:image\" content=\"https:\/\/niemikoti.fi\/wp-content\/uploads\/2025\/09\/ab-IMG_7575.jpg\" \/>\n\t<meta property=\"og:image:width\" content=\"2000\" \/>\n\t<meta property=\"og:image:height\" content=\"1817\" \/>\n\t<meta property=\"og:image:type\" content=\"image\/jpeg\" \/>\n<meta name=\"author\" content=\"Niemikotis\u00e4\u00e4ti\u00f6n viestint\u00e4\" \/>\n<meta name=\"twitter:card\" content=\"summary_large_image\" \/>\n<meta name=\"twitter:label1\" content=\"Skriven av\" \/>\n\t<meta name=\"twitter:data1\" content=\"Niemikotis\u00e4\u00e4ti\u00f6n viestint\u00e4\" \/>\n\t<meta name=\"twitter:label2\" content=\"Ber\u00e4knad l\u00e4stid\" \/>\n\t<meta name=\"twitter:data2\" content=\"2 minut\" \/>\n<script type=\"application\/ld+json\" class=\"yoast-schema-graph\">{\"@context\":\"https:\\\/\\\/schema.org\",\"@graph\":[{\"@type\":\"Article\",\"@id\":\"https:\\\/\\\/niemikoti.fi\\\/sv\\\/stiftelsen-uddhemmets-styrelse-samlades-vid-verksamhetscentret-kesaharju\\\/#article\",\"isPartOf\":{\"@id\":\"https:\\\/\\\/niemikoti.fi\\\/sv\\\/stiftelsen-uddhemmets-styrelse-samlades-vid-verksamhetscentret-kesaharju\\\/\"},\"author\":{\"name\":\"Niemikotis\u00e4\u00e4ti\u00f6n viestint\u00e4\",\"@id\":\"https:\\\/\\\/niemikoti.fi\\\/#\\\/schema\\\/person\\\/31ffd9d2b2b8647bdd96db96286dc06c\"},\"headline\":\"Stiftelsen Uddhemmet:s styrelse samlades vid verksamhetscentret Kes\u00e4harju\",\"datePublished\":\"2025-09-22T03:00:00+00:00\",\"dateModified\":\"2025-10-07T03:37:17+00:00\",\"mainEntityOfPage\":{\"@id\":\"https:\\\/\\\/niemikoti.fi\\\/sv\\\/stiftelsen-uddhemmets-styrelse-samlades-vid-verksamhetscentret-kesaharju\\\/\"},\"wordCount\":281,\"publisher\":{\"@id\":\"https:\\\/\\\/niemikoti.fi\\\/#organization\"},\"image\":{\"@id\":\"https:\\\/\\\/niemikoti.fi\\\/sv\\\/stiftelsen-uddhemmets-styrelse-samlades-vid-verksamhetscentret-kesaharju\\\/#primaryimage\"},\"thumbnailUrl\":\"https:\\\/\\\/niemikoti.fi\\\/wp-content\\\/uploads\\\/2025\\\/09\\\/ab-IMG_7575.jpg\",\"articleSection\":[\"Aktuellt\",\"Kvalitetsarbete\",\"Verksamhetsutveckling\",\"Verksamhetsutveckling\"],\"inLanguage\":\"sv-SE\"},{\"@type\":\"WebPage\",\"@id\":\"https:\\\/\\\/niemikoti.fi\\\/sv\\\/stiftelsen-uddhemmets-styrelse-samlades-vid-verksamhetscentret-kesaharju\\\/\",\"url\":\"https:\\\/\\\/niemikoti.fi\\\/sv\\\/stiftelsen-uddhemmets-styrelse-samlades-vid-verksamhetscentret-kesaharju\\\/\",\"name\":\"Stiftelsen Uddhemmet:s styrelse samlades vid verksamhetscentret Kes\u00e4harju - Niemikotis\u00e4\u00e4ti\u00f6\",\"isPartOf\":{\"@id\":\"https:\\\/\\\/niemikoti.fi\\\/#website\"},\"primaryImageOfPage\":{\"@id\":\"https:\\\/\\\/niemikoti.fi\\\/sv\\\/stiftelsen-uddhemmets-styrelse-samlades-vid-verksamhetscentret-kesaharju\\\/#primaryimage\"},\"image\":{\"@id\":\"https:\\\/\\\/niemikoti.fi\\\/sv\\\/stiftelsen-uddhemmets-styrelse-samlades-vid-verksamhetscentret-kesaharju\\\/#primaryimage\"},\"thumbnailUrl\":\"https:\\\/\\\/niemikoti.fi\\\/wp-content\\\/uploads\\\/2025\\\/09\\\/ab-IMG_7575.jpg\",\"datePublished\":\"2025-09-22T03:00:00+00:00\",\"dateModified\":\"2025-10-07T03:37:17+00:00\",\"breadcrumb\":{\"@id\":\"https:\\\/\\\/niemikoti.fi\\\/sv\\\/stiftelsen-uddhemmets-styrelse-samlades-vid-verksamhetscentret-kesaharju\\\/#breadcrumb\"},\"inLanguage\":\"sv-SE\",\"potentialAction\":[{\"@type\":\"ReadAction\",\"target\":[\"https:\\\/\\\/niemikoti.fi\\\/sv\\\/stiftelsen-uddhemmets-styrelse-samlades-vid-verksamhetscentret-kesaharju\\\/\"]}]},{\"@type\":\"ImageObject\",\"inLanguage\":\"sv-SE\",\"@id\":\"https:\\\/\\\/niemikoti.fi\\\/sv\\\/stiftelsen-uddhemmets-styrelse-samlades-vid-verksamhetscentret-kesaharju\\\/#primaryimage\",\"url\":\"https:\\\/\\\/niemikoti.fi\\\/wp-content\\\/uploads\\\/2025\\\/09\\\/ab-IMG_7575.jpg\",\"contentUrl\":\"https:\\\/\\\/niemikoti.fi\\\/wp-content\\\/uploads\\\/2025\\\/09\\\/ab-IMG_7575.jpg\",\"width\":2000,\"height\":1817,\"caption\":\"En grupp m\u00e4nniskor st\u00e5r framf\u00f6r en stor, ljusgr\u00e5 tr\u00e4byggnad med balkong och omgiven av gr\u00f6nska.\"},{\"@type\":\"BreadcrumbList\",\"@id\":\"https:\\\/\\\/niemikoti.fi\\\/sv\\\/stiftelsen-uddhemmets-styrelse-samlades-vid-verksamhetscentret-kesaharju\\\/#breadcrumb\",\"itemListElement\":[{\"@type\":\"ListItem\",\"position\":1,\"name\":\"Home\",\"item\":\"https:\\\/\\\/niemikoti.fi\\\/sv\\\/\"},{\"@type\":\"ListItem\",\"position\":2,\"name\":\"Stiftelsen Uddhemmet:s styrelse samlades vid verksamhetscentret Kes\u00e4harju\"}]},{\"@type\":\"WebSite\",\"@id\":\"https:\\\/\\\/niemikoti.fi\\\/#website\",\"url\":\"https:\\\/\\\/niemikoti.fi\\\/\",\"name\":\"Niemikotis\u00e4\u00e4ti\u00f6\",\"description\":\"Yhdess\u00e4 jo 40 vuotta\",\"publisher\":{\"@id\":\"https:\\\/\\\/niemikoti.fi\\\/#organization\"},\"potentialAction\":[{\"@type\":\"SearchAction\",\"target\":{\"@type\":\"EntryPoint\",\"urlTemplate\":\"https:\\\/\\\/niemikoti.fi\\\/?s={search_term_string}\"},\"query-input\":{\"@type\":\"PropertyValueSpecification\",\"valueRequired\":true,\"valueName\":\"search_term_string\"}}],\"inLanguage\":\"sv-SE\"},{\"@type\":\"Organization\",\"@id\":\"https:\\\/\\\/niemikoti.fi\\\/#organization\",\"name\":\"Niemikotis\u00e4\u00e4ti\u00f6\",\"url\":\"https:\\\/\\\/niemikoti.fi\\\/\",\"logo\":{\"@type\":\"ImageObject\",\"inLanguage\":\"sv-SE\",\"@id\":\"https:\\\/\\\/niemikoti.fi\\\/#\\\/schema\\\/logo\\\/image\\\/\",\"url\":\"https:\\\/\\\/niemikoti.fi\\\/wp-content\\\/uploads\\\/2023\\\/02\\\/niemikotilogo40v_vaaka.png\",\"contentUrl\":\"https:\\\/\\\/niemikoti.fi\\\/wp-content\\\/uploads\\\/2023\\\/02\\\/niemikotilogo40v_vaaka.png\",\"width\":1147,\"height\":418,\"caption\":\"Niemikotis\u00e4\u00e4ti\u00f6\"},\"image\":{\"@id\":\"https:\\\/\\\/niemikoti.fi\\\/#\\\/schema\\\/logo\\\/image\\\/\"},\"sameAs\":[\"https:\\\/\\\/www.facebook.com\\\/niemikoti\",\"https:\\\/\\\/www.instagram.com\\\/niemikoti\\\/\",\"https:\\\/\\\/www.youtube.com\\\/channel\\\/UCfo6l7q45CD_derGzEH8XGA\"]},{\"@type\":\"Person\",\"@id\":\"https:\\\/\\\/niemikoti.fi\\\/#\\\/schema\\\/person\\\/31ffd9d2b2b8647bdd96db96286dc06c\",\"name\":\"Niemikotis\u00e4\u00e4ti\u00f6n viestint\u00e4\",\"image\":{\"@type\":\"ImageObject\",\"inLanguage\":\"sv-SE\",\"@id\":\"https:\\\/\\\/secure.gravatar.com\\\/avatar\\\/408e1c81a50332d703f9ab205319647097a27e0df578c498cabe8e9753b9afb0?s=96&d=blank&r=g\",\"url\":\"https:\\\/\\\/secure.gravatar.com\\\/avatar\\\/408e1c81a50332d703f9ab205319647097a27e0df578c498cabe8e9753b9afb0?s=96&d=blank&r=g\",\"contentUrl\":\"https:\\\/\\\/secure.gravatar.com\\\/avatar\\\/408e1c81a50332d703f9ab205319647097a27e0df578c498cabe8e9753b9afb0?s=96&d=blank&r=g\",\"caption\":\"Niemikotis\u00e4\u00e4ti\u00f6n viestint\u00e4\"},\"description\":\"Vuonna 1983 perustettu Niemikotis\u00e4\u00e4ti\u00f6 on voittoa tavoittelematon suomalainen verkostoitunut toimija, joka tuottaa monipuolisesti palveluja mielenterveyskuntoutujille. Ehk\u00e4isemme toiminnallamme syrj\u00e4ytymist\u00e4 ja eriarvoisuutta.\",\"url\":\"https:\\\/\\\/niemikoti.fi\\\/sv\\\/author\\\/katjalampela\\\/\"}]}<\/script>\n<!-- \/ Yoast SEO plugin. -->","yoast_head_json":{"title":"Stiftelsen Uddhemmet:s styrelse samlades vid verksamhetscentret Kes\u00e4harju - Niemikotis\u00e4\u00e4ti\u00f6","robots":{"index":"index","follow":"follow","max-snippet":"max-snippet:-1","max-image-preview":"max-image-preview:large","max-video-preview":"max-video-preview:-1"},"canonical":"https:\/\/niemikoti.fi\/sv\/stiftelsen-uddhemmets-styrelse-samlades-vid-verksamhetscentret-kesaharju\/","og_locale":"sv_SE","og_type":"article","og_title":"Stiftelsen Uddhemmet:s styrelse samlades vid verksamhetscentret Kes\u00e4harju - Niemikotis\u00e4\u00e4ti\u00f6","og_description":"Stiftelsen Uddhemmet sr:s styrelse samlades fredagen den 19 september 2025 i Kes\u00e4harju f\u00f6r ett m\u00f6te och en strategigenomg\u00e5ng. Styrelsens m\u00f6ten ordnas i m\u00f6jligaste m\u00e5n vid stiftelsens olika enheter, s\u00e5 att verksamheten...","og_url":"https:\/\/niemikoti.fi\/sv\/stiftelsen-uddhemmets-styrelse-samlades-vid-verksamhetscentret-kesaharju\/","og_site_name":"Niemikotis\u00e4\u00e4ti\u00f6","article_publisher":"https:\/\/www.facebook.com\/niemikoti","article_published_time":"2025-09-22T03:00:00+00:00","article_modified_time":"2025-10-07T03:37:17+00:00","og_image":[{"width":2000,"height":1817,"url":"https:\/\/niemikoti.fi\/wp-content\/uploads\/2025\/09\/ab-IMG_7575.jpg","type":"image\/jpeg"}],"author":"Niemikotis\u00e4\u00e4ti\u00f6n viestint\u00e4","twitter_card":"summary_large_image","twitter_misc":{"Skriven av":"Niemikotis\u00e4\u00e4ti\u00f6n viestint\u00e4","Ber\u00e4knad l\u00e4stid":"2 minut"},"schema":{"@context":"https:\/\/schema.org","@graph":[{"@type":"Article","@id":"https:\/\/niemikoti.fi\/sv\/stiftelsen-uddhemmets-styrelse-samlades-vid-verksamhetscentret-kesaharju\/#article","isPartOf":{"@id":"https:\/\/niemikoti.fi\/sv\/stiftelsen-uddhemmets-styrelse-samlades-vid-verksamhetscentret-kesaharju\/"},"author":{"name":"Niemikotis\u00e4\u00e4ti\u00f6n viestint\u00e4","@id":"https:\/\/niemikoti.fi\/#\/schema\/person\/31ffd9d2b2b8647bdd96db96286dc06c"},"headline":"Stiftelsen Uddhemmet:s styrelse samlades vid verksamhetscentret Kes\u00e4harju","datePublished":"2025-09-22T03:00:00+00:00","dateModified":"2025-10-07T03:37:17+00:00","mainEntityOfPage":{"@id":"https:\/\/niemikoti.fi\/sv\/stiftelsen-uddhemmets-styrelse-samlades-vid-verksamhetscentret-kesaharju\/"},"wordCount":281,"publisher":{"@id":"https:\/\/niemikoti.fi\/#organization"},"image":{"@id":"https:\/\/niemikoti.fi\/sv\/stiftelsen-uddhemmets-styrelse-samlades-vid-verksamhetscentret-kesaharju\/#primaryimage"},"thumbnailUrl":"https:\/\/niemikoti.fi\/wp-content\/uploads\/2025\/09\/ab-IMG_7575.jpg","articleSection":["Aktuellt","Kvalitetsarbete","Verksamhetsutveckling","Verksamhetsutveckling"],"inLanguage":"sv-SE"},{"@type":"WebPage","@id":"https:\/\/niemikoti.fi\/sv\/stiftelsen-uddhemmets-styrelse-samlades-vid-verksamhetscentret-kesaharju\/","url":"https:\/\/niemikoti.fi\/sv\/stiftelsen-uddhemmets-styrelse-samlades-vid-verksamhetscentret-kesaharju\/","name":"Stiftelsen Uddhemmet:s styrelse samlades vid verksamhetscentret Kes\u00e4harju - Niemikotis\u00e4\u00e4ti\u00f6","isPartOf":{"@id":"https:\/\/niemikoti.fi\/#website"},"primaryImageOfPage":{"@id":"https:\/\/niemikoti.fi\/sv\/stiftelsen-uddhemmets-styrelse-samlades-vid-verksamhetscentret-kesaharju\/#primaryimage"},"image":{"@id":"https:\/\/niemikoti.fi\/sv\/stiftelsen-uddhemmets-styrelse-samlades-vid-verksamhetscentret-kesaharju\/#primaryimage"},"thumbnailUrl":"https:\/\/niemikoti.fi\/wp-content\/uploads\/2025\/09\/ab-IMG_7575.jpg","datePublished":"2025-09-22T03:00:00+00:00","dateModified":"2025-10-07T03:37:17+00:00","breadcrumb":{"@id":"https:\/\/niemikoti.fi\/sv\/stiftelsen-uddhemmets-styrelse-samlades-vid-verksamhetscentret-kesaharju\/#breadcrumb"},"inLanguage":"sv-SE","potentialAction":[{"@type":"ReadAction","target":["https:\/\/niemikoti.fi\/sv\/stiftelsen-uddhemmets-styrelse-samlades-vid-verksamhetscentret-kesaharju\/"]}]},{"@type":"ImageObject","inLanguage":"sv-SE","@id":"https:\/\/niemikoti.fi\/sv\/stiftelsen-uddhemmets-styrelse-samlades-vid-verksamhetscentret-kesaharju\/#primaryimage","url":"https:\/\/niemikoti.fi\/wp-content\/uploads\/2025\/09\/ab-IMG_7575.jpg","contentUrl":"https:\/\/niemikoti.fi\/wp-content\/uploads\/2025\/09\/ab-IMG_7575.jpg","width":2000,"height":1817,"caption":"En grupp m\u00e4nniskor st\u00e5r framf\u00f6r en stor, ljusgr\u00e5 tr\u00e4byggnad med balkong och omgiven av gr\u00f6nska."},{"@type":"BreadcrumbList","@id":"https:\/\/niemikoti.fi\/sv\/stiftelsen-uddhemmets-styrelse-samlades-vid-verksamhetscentret-kesaharju\/#breadcrumb","itemListElement":[{"@type":"ListItem","position":1,"name":"Home","item":"https:\/\/niemikoti.fi\/sv\/"},{"@type":"ListItem","position":2,"name":"Stiftelsen Uddhemmet:s styrelse samlades vid verksamhetscentret Kes\u00e4harju"}]},{"@type":"WebSite","@id":"https:\/\/niemikoti.fi\/#website","url":"https:\/\/niemikoti.fi\/","name":"Niemikotis\u00e4\u00e4ti\u00f6","description":"Yhdess\u00e4 jo 40 vuotta","publisher":{"@id":"https:\/\/niemikoti.fi\/#organization"},"potentialAction":[{"@type":"SearchAction","target":{"@type":"EntryPoint","urlTemplate":"https:\/\/niemikoti.fi\/?s={search_term_string}"},"query-input":{"@type":"PropertyValueSpecification","valueRequired":true,"valueName":"search_term_string"}}],"inLanguage":"sv-SE"},{"@type":"Organization","@id":"https:\/\/niemikoti.fi\/#organization","name":"Niemikotis\u00e4\u00e4ti\u00f6","url":"https:\/\/niemikoti.fi\/","logo":{"@type":"ImageObject","inLanguage":"sv-SE","@id":"https:\/\/niemikoti.fi\/#\/schema\/logo\/image\/","url":"https:\/\/niemikoti.fi\/wp-content\/uploads\/2023\/02\/niemikotilogo40v_vaaka.png","contentUrl":"https:\/\/niemikoti.fi\/wp-content\/uploads\/2023\/02\/niemikotilogo40v_vaaka.png","width":1147,"height":418,"caption":"Niemikotis\u00e4\u00e4ti\u00f6"},"image":{"@id":"https:\/\/niemikoti.fi\/#\/schema\/logo\/image\/"},"sameAs":["https:\/\/www.facebook.com\/niemikoti","https:\/\/www.instagram.com\/niemikoti\/","https:\/\/www.youtube.com\/channel\/UCfo6l7q45CD_derGzEH8XGA"]},{"@type":"Person","@id":"https:\/\/niemikoti.fi\/#\/schema\/person\/31ffd9d2b2b8647bdd96db96286dc06c","name":"Niemikotis\u00e4\u00e4ti\u00f6n viestint\u00e4","image":{"@type":"ImageObject","inLanguage":"sv-SE","@id":"https:\/\/secure.gravatar.com\/avatar\/408e1c81a50332d703f9ab205319647097a27e0df578c498cabe8e9753b9afb0?s=96&d=blank&r=g","url":"https:\/\/secure.gravatar.com\/avatar\/408e1c81a50332d703f9ab205319647097a27e0df578c498cabe8e9753b9afb0?s=96&d=blank&r=g","contentUrl":"https:\/\/secure.gravatar.com\/avatar\/408e1c81a50332d703f9ab205319647097a27e0df578c498cabe8e9753b9afb0?s=96&d=blank&r=g","caption":"Niemikotis\u00e4\u00e4ti\u00f6n viestint\u00e4"},"description":"Vuonna 1983 perustettu Niemikotis\u00e4\u00e4ti\u00f6 on voittoa tavoittelematon suomalainen verkostoitunut toimija, joka tuottaa monipuolisesti palveluja mielenterveyskuntoutujille. Ehk\u00e4isemme toiminnallamme syrj\u00e4ytymist\u00e4 ja eriarvoisuutta.","url":"https:\/\/niemikoti.fi\/sv\/author\/katjalampela\/"}]}},"taxonomy_info":{"category":[{"value":736,"label":"Aktuellt"},{"value":762,"label":"Kvalitetsarbete"},{"value":847,"label":"Verksamhetsutveckling"},{"value":847,"label":"Verksamhetsutveckling"}],"sisaltoluokka":[{"value":800,"label":"Verkostoituminen, organisaatio"}]},"featured_image_src_large":["https:\/\/niemikoti.fi\/wp-content\/uploads\/2025\/09\/ab-IMG_7575-1024x930.jpg",1024,930,true],"author_info":{"display_name":"Niemikotis\u00e4\u00e4ti\u00f6n viestint\u00e4","author_link":"https:\/\/niemikoti.fi\/sv\/author\/katjalampela\/"},"comment_info":0,"category_info":[{"term_id":736,"name":"Aktuellt","slug":"okategoriserad","term_group":0,"term_taxonomy_id":736,"taxonomy":"category","description":"","parent":0,"count":38,"filter":"raw","cat_ID":736,"category_count":38,"category_description":"","cat_name":"Aktuellt","category_nicename":"okategoriserad","category_parent":0},{"term_id":762,"name":"Kvalitetsarbete","slug":"kvalitetsarbete","term_group":0,"term_taxonomy_id":762,"taxonomy":"category","description":"","parent":0,"count":3,"filter":"raw","cat_ID":762,"category_count":3,"category_description":"","cat_name":"Kvalitetsarbete","category_nicename":"kvalitetsarbete","category_parent":0},{"term_id":847,"name":"Verksamhetsutveckling","slug":"verksamhetsutveckling","term_group":0,"term_taxonomy_id":847,"taxonomy":"category","description":"","parent":0,"count":6,"filter":"raw","cat_ID":847,"category_count":6,"category_description":"","cat_name":"Verksamhetsutveckling","category_nicename":"verksamhetsutveckling","category_parent":0},{"term_id":847,"name":"Verksamhetsutveckling","slug":"verksamhetsutveckling","term_group":0,"term_taxonomy_id":847,"taxonomy":"category","description":"","parent":0,"count":6,"filter":"raw","cat_ID":847,"category_count":6,"category_description":"","cat_name":"Verksamhetsutveckling","category_nicename":"verksamhetsutveckling","category_parent":0}],"tag_info":false,"_links":{"self":[{"href":"https:\/\/niemikoti.fi\/sv\/wp-json\/wp\/v2\/posts\/47137","targetHints":{"allow":["GET"]}}],"collection":[{"href":"https:\/\/niemikoti.fi\/sv\/wp-json\/wp\/v2\/posts"}],"about":[{"href":"https:\/\/niemikoti.fi\/sv\/wp-json\/wp\/v2\/types\/post"}],"author":[{"embeddable":true,"href":"https:\/\/niemikoti.fi\/sv\/wp-json\/wp\/v2\/users\/2"}],"replies":[{"embeddable":true,"href":"https:\/\/niemikoti.fi\/sv\/wp-json\/wp\/v2\/comments?post=47137"}],"version-history":[{"count":1,"href":"https:\/\/niemikoti.fi\/sv\/wp-json\/wp\/v2\/posts\/47137\/revisions"}],"predecessor-version":[{"id":47141,"href":"https:\/\/niemikoti.fi\/sv\/wp-json\/wp\/v2\/posts\/47137\/revisions\/47141"}],"wp:featuredmedia":[{"embeddable":true,"href":"https:\/\/niemikoti.fi\/sv\/wp-json\/wp\/v2\/media\/47136"}],"wp:attachment":[{"href":"https:\/\/niemikoti.fi\/sv\/wp-json\/wp\/v2\/media?parent=47137"}],"wp:term":[{"taxonomy":"category","embeddable":true,"href":"https:\/\/niemikoti.fi\/sv\/wp-json\/wp\/v2\/categories?post=47137"},{"taxonomy":"post_tag","embeddable":true,"href":"https:\/\/niemikoti.fi\/sv\/wp-json\/wp\/v2\/tags?post=47137"},{"taxonomy":"yksikkokategoria","embeddable":true,"href":"https:\/\/niemikoti.fi\/sv\/wp-json\/wp\/v2\/yksikkokategoria?post=47137"},{"taxonomy":"sisaltoluokka","embeddable":true,"href":"https:\/\/niemikoti.fi\/sv\/wp-json\/wp\/v2\/sisaltoluokka?post=47137"}],"curies":[{"name":"wp","href":"https:\/\/api.w.org\/{rel}","templated":true}]}}