{"id":50526,"date":"2026-03-16T05:30:00","date_gmt":"2026-03-16T03:30:00","guid":{"rendered":"https:\/\/niemikoti.fi\/?p=50526"},"modified":"2026-03-17T11:00:23","modified_gmt":"2026-03-17T09:00:23","slug":"traveling-in-italy-part-2-2","status":"publish","type":"post","link":"https:\/\/niemikoti.fi\/en\/traveling-in-italy-part-2-2\/","title":{"rendered":"Traveling in Italy, part 2\/2"},"content":{"rendered":"<style>.kb-row-layout-id50526_a60add-64 > .kt-row-column-wrap{align-content:start;}:where(.kb-row-layout-id50526_a60add-64 > .kt-row-column-wrap) > .wp-block-kadence-column{justify-content:start;}.kb-row-layout-id50526_a60add-64 > .kt-row-column-wrap{column-gap:var(--global-kb-gap-md, 2rem);row-gap:var(--global-kb-gap-md, 2rem);padding-top:var(--global-kb-spacing-sm, 1.5rem);padding-bottom:var(--global-kb-spacing-sm, 1.5rem);grid-template-columns:minmax(0, calc(65% - ((var(--global-kb-gap-md, 2rem) * 1 )\/2)))minmax(0, calc(35% - ((var(--global-kb-gap-md, 2rem) * 1 )\/2)));}.kb-row-layout-id50526_a60add-64 > .kt-row-layout-overlay{opacity:0.30;}@media all and (max-width: 1024px){.kb-row-layout-id50526_a60add-64 > .kt-row-column-wrap{grid-template-columns:repeat(2, minmax(0, 1fr));}}@media all and (max-width: 767px){.kb-row-layout-id50526_a60add-64 > .kt-row-column-wrap{grid-template-columns:minmax(0, 1fr);}}<\/style><div class=\"kb-row-layout-wrap kb-row-layout-id50526_a60add-64 alignnone wp-block-kadence-rowlayout\"><div class=\"kt-row-column-wrap kt-has-2-columns kt-row-layout-equal kt-tab-layout-inherit kt-mobile-layout-row kt-row-valign-top\">\n<style>.kadence-column50526_0ad09f-af > .kt-inside-inner-col,.kadence-column50526_0ad09f-af > .kt-inside-inner-col:before{border-top-left-radius:0px;border-top-right-radius:0px;border-bottom-right-radius:0px;border-bottom-left-radius:0px;}.kadence-column50526_0ad09f-af > .kt-inside-inner-col{column-gap:var(--global-kb-gap-sm, 1rem);}.kadence-column50526_0ad09f-af > .kt-inside-inner-col{flex-direction:column;}.kadence-column50526_0ad09f-af > .kt-inside-inner-col > .aligncenter{width:100%;}.kadence-column50526_0ad09f-af > .kt-inside-inner-col:before{opacity:0.3;}.kadence-column50526_0ad09f-af{position:relative;}@media all and (max-width: 1024px){.kadence-column50526_0ad09f-af > .kt-inside-inner-col{flex-direction:column;justify-content:center;}}@media all and (max-width: 767px){.kadence-column50526_0ad09f-af > .kt-inside-inner-col{flex-direction:column;justify-content:center;}}<\/style>\n<div class=\"wp-block-kadence-column kadence-column50526_0ad09f-af\"><div class=\"kt-inside-inner-col\">\n<p><em>Our Experience Coordinator, <strong>Sirpa Sinisalo,<\/strong> traveled to Italy in autumn 2025, where she interviewed professionals in the field of psychiatry. In this two-part series, we will publish the interviews conducted by Sirpa. She has a particularly close connection to Italy: she lived in Milan for nearly ten years around the turn of the millennium. Love first brought her there, and the city\u2019s climate and atmosphere kept her for many years. Even today, she has many good friends in Italy \u2014 and this connection is also reflected in the way she examines Italian mental health work with closeness and openness.<\/em><\/p>\n\n\n\n<h2 class=\"wp-block-heading\">Interview with Neuropsychologist Davide Mazzucchelli<\/h2>\n\n\n\n<p class=\"has-medium-font-size\">During my time in Italy, I also conducted a second interview with a professional in the field of psychiatry. Neuropsychologist Davide Mazzucchelli lives in the Varese area, about an hour from Milan, and is currently self-employed. Here is his interview.<\/p>\n<\/div><\/div>\n\n\n<style>.kadence-column50526_95fe53-ea > .kt-inside-inner-col,.kadence-column50526_95fe53-ea > .kt-inside-inner-col:before{border-top-left-radius:0px;border-top-right-radius:0px;border-bottom-right-radius:0px;border-bottom-left-radius:0px;}.kadence-column50526_95fe53-ea > .kt-inside-inner-col{column-gap:var(--global-kb-gap-sm, 1rem);}.kadence-column50526_95fe53-ea > .kt-inside-inner-col{flex-direction:column;}.kadence-column50526_95fe53-ea > .kt-inside-inner-col > .aligncenter{width:100%;}.kadence-column50526_95fe53-ea > .kt-inside-inner-col:before{opacity:0.3;}.kadence-column50526_95fe53-ea{position:relative;}@media all and (max-width: 1024px){.kadence-column50526_95fe53-ea > .kt-inside-inner-col{flex-direction:column;justify-content:center;}}@media all and (max-width: 767px){.kadence-column50526_95fe53-ea > .kt-inside-inner-col{flex-direction:column;justify-content:center;}}<\/style>\n<div class=\"wp-block-kadence-column kadence-column50526_95fe53-ea\"><div class=\"kt-inside-inner-col\">\n<figure class=\"wp-block-image size-full\"><img decoding=\"async\" src=\"https:\/\/niemikoti.fi\/wp-content\/uploads\/2026\/02\/Foto_Davide_Mazzucchelli.jpg\" alt=\"Nuori mies hymyilee valkoisessa labcoatissa vihre\u00e4\u00e4 taustaa vasten.\" class=\"wp-image-50552\"\/><\/figure>\n<\/div><\/div>\n\n<\/div><\/div>\n\n\n<h3 class=\"wp-block-heading\">What inspired you to study psychology?<\/h3>\n\n\n\n<p>\u201cMy desire to become a psychologist arose when I was 19 years old. At that time, I became acquainted with a particular branch of psychology \u2014 neuropsychology \u2014 and especially clinical psychology. I was fascinated and impressed by neuroscience in general, but particularly by its potential to help people who have sustained brain injuries. This falls within the field of rehabilitative neuropsychology. The field helps patients restore cognitive functions that have been impaired due to injury. That is why neuropsychological rehabilitation is the area of psychology that interests me the most.\u201d<\/p>\n\n\n\n<h3 class=\"wp-block-heading\">What is your educational background, and is this the typical path to becoming a psychologist in Italy?<\/h3>\n\n\n\n<p>\u201cMy educational path is typical for psychology students in Italy. I studied at the University of Milano-Bicocca for 3+2 years: first completing a three-year degree in \u2018Psychological Sciences and Techniques,\u2019 which provides a broad foundation across all areas of psychology, and then a two-year specialization in \u2018Clinical Psychology and Neuropsychology across the Lifespan.\u2019 Both study cycles included internships: during the first three-year period, I worked at a learning disabilities center, and during the second, at a Swiss clinic specializing in the rehabilitation of neurological patients.<\/p>\n\n\n\n<p>Until two years ago, Italy had a system requiring an additional mandatory internship of approximately one year after graduation. At the end of this period, graduates could take a national licensing examination. After passing it, they could register with the national professional body of psychologists and obtain official licensure. I completed this mandatory internship in the neuropsychological rehabilitation department of a public hospital in the Varese area, where I live.\u201d<\/p>\n\n\n\n<h3 class=\"wp-block-heading\">What kind of practical experience do you have?<\/h3>\n\n\n\n<p>\u201cThe internships during my studies were mostly observational and did not include much hands-on practice. It was only during the post-graduation internship that I was able to actively participate in rehabilitation under the supervision of my tutor. I conducted cognitive assessments and exercises aimed at reactivating impaired functions. After completing this final internship, I took and passed the national licensing exam and began working independently.<\/p>\n\n\n\n<p>Currently, I treat several private patients who require neuropsychological rehabilitation. In addition, I work with an association whose activities include cognitive stimulation for seniors diagnosed with dementia.\u201d<\/p>\n\n\n\n<h3 class=\"wp-block-heading\">What are your main areas of interest and possible future specialization?<\/h3>\n\n\n\n<p>\u201cAs I mentioned earlier, I am interested in neuroscience in general and in clinical neuropsychology. What particularly fascinates me are the neurobiological processes that influence human behavior.\u201d<\/p>\n\n\n\n<h3 class=\"wp-block-heading\">What is especially important in the work of a psychologist?<\/h3>\n\n\n\n<p>\u201cIn my opinion, in all areas of psychology it is essential to have a solid knowledge of theory and the techniques used. Equally important is the ability to build a relationship with the patient: listening skills, kindness, flexibility, gentleness, firmness, and the capacity for self-reflection. This reflection involves recognizing situations one finds personally challenging and considering how to act with the patient.<\/p>\n\n\n\n<p>For example, it is natural and easy for me to be gentle and kind, but at times it is more challenging to be firm when firmness is required.\u201d<\/p>\n\n\n\n<h3 class=\"wp-block-heading\">Are there peer support workers or experts by experience in Italy?<\/h3>\n\n\n\n<p>\u201cNot at least in any official role.<\/p>\n\n\n\n<p>During my studies, my fellow students acted as peer support when we discussed and shared work-related difficulties and challenges. In these conversations, personal insecurities often emerged \u2014 issues that might have felt difficult to discuss with a supervisor. However, discussing them with others in the same situation and sharing similar experiences felt natural.\u201d<\/p>\n\n\n\n<h3 class=\"wp-block-heading\">What kind of satisfaction does the work of a psychologist offer?<\/h3>\n\n\n\n<p>\u201cMy best experiences are connected to the progress achieved through rehabilitation \u2014 especially when improvement exceeds expectations. When rehabilitation is this effective, it helps a person return to their previous life and brings great joy to their loved ones and to the healthcare staff.\u201d<\/p>\n\n\n\n<h3 class=\"wp-block-heading\">What are the possible negative aspects of a psychologist\u2019s work?<\/h3>\n\n\n\n<p>\u201cSometimes recovery is slower and more difficult than initially expected, which can frustrate both the patient and their caregivers. One must be prepared for this, as frustration also affects mental well-being.<\/p>\n\n\n\n<p>Additionally, when working with seniors diagnosed with memory disorders, the aim is often to maintain existing abilities, as progress is rarely achieved. It must be acknowledged that cognitive functions and quality of life gradually decline. At times, it can feel like fighting windmills.\u201d<\/p>\n\n\n\n<h3 class=\"wp-block-heading\">What is your professional dream?<\/h3>\n\n\n\n<p>\u201cMy dream would be to have the opportunity to work with patients in the subacute phase, as this would allow work at the moment of greatest neuroplasticity and flexibility. I gained experience with this during my internship at the Swiss clinic, where unfortunately it was not possible for me to find employment.<\/p>\n\n\n\n<p>In a rehabilitation ward, daily work with patients provides the best conditions for recovery. In contrast, in my current work with seniors, I meet chronic patients only once a week. Improvement can occur, but it is only partial.\u201d<\/p>\n\n\n\n<h3 class=\"wp-block-heading\">What message would you like to send to Finnish patients?<\/h3>\n\n\n\n<p>\u201cIn Italy, clinical psychology and especially neuropsychology are still in a growth phase and need to become more firmly established within healthcare structures. There is very limited space for them in public hospitals, and in any case, staffing levels are too low in relation to the large number of patients.<\/p>\n\n\n\n<p>I have read that in Finland it is easier to access services in the public sector, and you likely have a better ratio of healthcare staff to patients. I believe there may be reasons for criticism in some respects there as well, but I would encourage Finnish people \u2014 and hope that patients appreciate \u2014 the quality of your services and your opportunity to access care through the public system.\u201d<\/p>\n<div style=\"margin: 20px 0;\"><div class=\"qrcswholewtapper\" style=\"text-align:left;\"><div class=\"qrcprowrapper\"  id=\"qrcwraa2leds\"><div class=\"qrc_canvass\" id=\"qrc_cuttenpages_2\" style=\"display:none\" data-text=\"https:\/\/niemikoti.fi\/en\/traveling-in-italy-part-2-2\/\"><\/div><div><a download=\"Traveling in Italy, part 2\/2.png\" class=\"qrcdownloads\" id=\"worign\">\r\n           <button type=\"button\" style=\"min-width:200px;background:#c8fd8c;color:#000;font-weight: 600;border: 1px solid #dddddd;border-radius:4px;font-size:12px;padding: 6px 0;\" class=\"uqr_code_btn\">Lataa QR-koodi<\/button>\r\n           <\/a><\/div><\/div><\/div><\/div>","protected":false},"excerpt":{"rendered":"<p>K\u00e4vin marraskuussa entisess\u00e4 kotikaupungissani Milanossa ja haastattelin psykiatri Emanuela Apicellaa 04.11. Varesen Food for mind -keskuksessa, jonka johtaja h\u00e4n on.<\/p>\n","protected":false},"author":255,"featured_media":50532,"comment_status":"closed","ping_status":"open","sticky":false,"template":"","format":"standard","meta":{"_kad_blocks_custom_css":"","_kad_blocks_head_custom_js":"","_kad_blocks_body_custom_js":"","_kad_blocks_footer_custom_js":"","_kad_post_transparent":"","_kad_post_title":"","_kad_post_layout":"","_kad_post_sidebar_id":"","_kad_post_content_style":"","_kad_post_vertical_padding":"","_kad_post_feature":"","_kad_post_feature_position":"","_kad_post_header":false,"_kad_post_footer":false,"_kad_post_classname":"","cybocfi_hide_featured_image":"","footnotes":"","_links_to":"","_links_to_target":""},"categories":[836,735,759,295],"tags":[878,879,880,881,882],"yksikkokategoria":[],"sisaltoluokka":[],"class_list":["post-50526","post","type-post","status-publish","format-standard","has-post-thumbnail","hentry","category-experts-by-experience-and-service-users","category-from-shadows-to-light-blog","category-internationalisation-and-networks","category-news","tag-italia","tag-psykiatria","tag-stigma","tag-syomishairiot","tag-toipuminen"],"yoast_head":"<!-- This site is optimized with the Yoast SEO plugin v27.4 - https:\/\/yoast.com\/product\/yoast-seo-wordpress\/ -->\n<title>Traveling in Italy, part 2\/2 - Niemikotis\u00e4\u00e4ti\u00f6<\/title>\n<meta name=\"robots\" content=\"index, follow, max-snippet:-1, max-image-preview:large, max-video-preview:-1\" \/>\n<link rel=\"canonical\" href=\"https:\/\/niemikoti.fi\/en\/traveling-in-italy-part-2-2\/\" \/>\n<meta property=\"og:locale\" content=\"en_US\" \/>\n<meta property=\"og:type\" content=\"article\" \/>\n<meta property=\"og:title\" content=\"Traveling in Italy, part 2\/2 - Niemikotis\u00e4\u00e4ti\u00f6\" \/>\n<meta property=\"og:description\" content=\"K\u00e4vin marraskuussa entisess\u00e4 kotikaupungissani Milanossa ja haastattelin psykiatri Emanuela Apicellaa 04.11. Varesen Food for mind -keskuksessa, jonka johtaja h\u00e4n on.\" \/>\n<meta property=\"og:url\" content=\"https:\/\/niemikoti.fi\/en\/traveling-in-italy-part-2-2\/\" \/>\n<meta property=\"og:site_name\" content=\"Niemikotis\u00e4\u00e4ti\u00f6\" \/>\n<meta property=\"article:publisher\" content=\"https:\/\/www.facebook.com\/niemikoti\" \/>\n<meta property=\"article:published_time\" content=\"2026-03-16T03:30:00+00:00\" \/>\n<meta property=\"article:modified_time\" content=\"2026-03-17T09:00:23+00:00\" \/>\n<meta property=\"og:image\" content=\"https:\/\/niemikoti.fi\/wp-content\/uploads\/2026\/02\/varese-sirpa-AdobeStock_699334273-scaled.jpeg\" \/>\n\t<meta property=\"og:image:width\" content=\"2560\" \/>\n\t<meta property=\"og:image:height\" content=\"1920\" \/>\n\t<meta property=\"og:image:type\" content=\"image\/jpeg\" \/>\n<meta name=\"author\" content=\"Sirpa Sinisalo\" \/>\n<meta name=\"twitter:card\" content=\"summary_large_image\" \/>\n<meta name=\"twitter:label1\" content=\"Written by\" \/>\n\t<meta name=\"twitter:data1\" content=\"Sirpa Sinisalo\" \/>\n<script type=\"application\/ld+json\" class=\"yoast-schema-graph\">{\"@context\":\"https:\\\/\\\/schema.org\",\"@graph\":[{\"@type\":\"Article\",\"@id\":\"https:\\\/\\\/niemikoti.fi\\\/en\\\/traveling-in-italy-part-2-2\\\/#article\",\"isPartOf\":{\"@id\":\"https:\\\/\\\/niemikoti.fi\\\/en\\\/traveling-in-italy-part-2-2\\\/\"},\"author\":{\"name\":\"Sirpa Sinisalo\",\"@id\":\"https:\\\/\\\/niemikoti.fi\\\/#\\\/schema\\\/person\\\/0b123df1d362fa37aaf142e137e1cbb3\"},\"headline\":\"Traveling in Italy, part 2\\\/2\",\"datePublished\":\"2026-03-16T03:30:00+00:00\",\"dateModified\":\"2026-03-17T09:00:23+00:00\",\"mainEntityOfPage\":{\"@id\":\"https:\\\/\\\/niemikoti.fi\\\/en\\\/traveling-in-italy-part-2-2\\\/\"},\"wordCount\":1082,\"publisher\":{\"@id\":\"https:\\\/\\\/niemikoti.fi\\\/#organization\"},\"image\":{\"@id\":\"https:\\\/\\\/niemikoti.fi\\\/en\\\/traveling-in-italy-part-2-2\\\/#primaryimage\"},\"thumbnailUrl\":\"https:\\\/\\\/niemikoti.fi\\\/wp-content\\\/uploads\\\/2026\\\/02\\\/varese-sirpa-AdobeStock_699334273-scaled.jpeg\",\"keywords\":[\"Italia\",\"psykiatria\",\"stigma\",\"sy\u00f6mish\u00e4iri\u00f6t\",\"toipuminen\"],\"articleSection\":[\"Experts by Experience and Service Users\",\"From Shadows to Light blog\",\"Internationalisation and Networks\",\"News\"],\"inLanguage\":\"en-US\"},{\"@type\":\"WebPage\",\"@id\":\"https:\\\/\\\/niemikoti.fi\\\/en\\\/traveling-in-italy-part-2-2\\\/\",\"url\":\"https:\\\/\\\/niemikoti.fi\\\/en\\\/traveling-in-italy-part-2-2\\\/\",\"name\":\"Traveling in Italy, part 2\\\/2 - Niemikotis\u00e4\u00e4ti\u00f6\",\"isPartOf\":{\"@id\":\"https:\\\/\\\/niemikoti.fi\\\/#website\"},\"primaryImageOfPage\":{\"@id\":\"https:\\\/\\\/niemikoti.fi\\\/en\\\/traveling-in-italy-part-2-2\\\/#primaryimage\"},\"image\":{\"@id\":\"https:\\\/\\\/niemikoti.fi\\\/en\\\/traveling-in-italy-part-2-2\\\/#primaryimage\"},\"thumbnailUrl\":\"https:\\\/\\\/niemikoti.fi\\\/wp-content\\\/uploads\\\/2026\\\/02\\\/varese-sirpa-AdobeStock_699334273-scaled.jpeg\",\"datePublished\":\"2026-03-16T03:30:00+00:00\",\"dateModified\":\"2026-03-17T09:00:23+00:00\",\"breadcrumb\":{\"@id\":\"https:\\\/\\\/niemikoti.fi\\\/en\\\/traveling-in-italy-part-2-2\\\/#breadcrumb\"},\"inLanguage\":\"en-US\",\"potentialAction\":[{\"@type\":\"ReadAction\",\"target\":[\"https:\\\/\\\/niemikoti.fi\\\/en\\\/traveling-in-italy-part-2-2\\\/\"]}]},{\"@type\":\"ImageObject\",\"inLanguage\":\"en-US\",\"@id\":\"https:\\\/\\\/niemikoti.fi\\\/en\\\/traveling-in-italy-part-2-2\\\/#primaryimage\",\"url\":\"https:\\\/\\\/niemikoti.fi\\\/wp-content\\\/uploads\\\/2026\\\/02\\\/varese-sirpa-AdobeStock_699334273-scaled.jpeg\",\"contentUrl\":\"https:\\\/\\\/niemikoti.fi\\\/wp-content\\\/uploads\\\/2026\\\/02\\\/varese-sirpa-AdobeStock_699334273-scaled.jpeg\",\"width\":2560,\"height\":1920},{\"@type\":\"BreadcrumbList\",\"@id\":\"https:\\\/\\\/niemikoti.fi\\\/en\\\/traveling-in-italy-part-2-2\\\/#breadcrumb\",\"itemListElement\":[{\"@type\":\"ListItem\",\"position\":1,\"name\":\"Home\",\"item\":\"https:\\\/\\\/niemikoti.fi\\\/en\\\/\"},{\"@type\":\"ListItem\",\"position\":2,\"name\":\"Traveling in Italy, part 2\\\/2\"}]},{\"@type\":\"WebSite\",\"@id\":\"https:\\\/\\\/niemikoti.fi\\\/#website\",\"url\":\"https:\\\/\\\/niemikoti.fi\\\/\",\"name\":\"Niemikotis\u00e4\u00e4ti\u00f6\",\"description\":\"Yhdess\u00e4 jo 40 vuotta\",\"publisher\":{\"@id\":\"https:\\\/\\\/niemikoti.fi\\\/#organization\"},\"potentialAction\":[{\"@type\":\"SearchAction\",\"target\":{\"@type\":\"EntryPoint\",\"urlTemplate\":\"https:\\\/\\\/niemikoti.fi\\\/?s={search_term_string}\"},\"query-input\":{\"@type\":\"PropertyValueSpecification\",\"valueRequired\":true,\"valueName\":\"search_term_string\"}}],\"inLanguage\":\"en-US\"},{\"@type\":\"Organization\",\"@id\":\"https:\\\/\\\/niemikoti.fi\\\/#organization\",\"name\":\"Niemikotis\u00e4\u00e4ti\u00f6\",\"url\":\"https:\\\/\\\/niemikoti.fi\\\/\",\"logo\":{\"@type\":\"ImageObject\",\"inLanguage\":\"en-US\",\"@id\":\"https:\\\/\\\/niemikoti.fi\\\/#\\\/schema\\\/logo\\\/image\\\/\",\"url\":\"https:\\\/\\\/niemikoti.fi\\\/wp-content\\\/uploads\\\/2023\\\/02\\\/niemikotilogo40v_vaaka.png\",\"contentUrl\":\"https:\\\/\\\/niemikoti.fi\\\/wp-content\\\/uploads\\\/2023\\\/02\\\/niemikotilogo40v_vaaka.png\",\"width\":1147,\"height\":418,\"caption\":\"Niemikotis\u00e4\u00e4ti\u00f6\"},\"image\":{\"@id\":\"https:\\\/\\\/niemikoti.fi\\\/#\\\/schema\\\/logo\\\/image\\\/\"},\"sameAs\":[\"https:\\\/\\\/www.facebook.com\\\/niemikoti\",\"https:\\\/\\\/www.instagram.com\\\/niemikoti\\\/\",\"https:\\\/\\\/www.youtube.com\\\/channel\\\/UCfo6l7q45CD_derGzEH8XGA\"]},{\"@type\":\"Person\",\"@id\":\"https:\\\/\\\/niemikoti.fi\\\/#\\\/schema\\\/person\\\/0b123df1d362fa37aaf142e137e1cbb3\",\"name\":\"Sirpa Sinisalo\",\"image\":{\"@type\":\"ImageObject\",\"inLanguage\":\"en-US\",\"@id\":\"https:\\\/\\\/secure.gravatar.com\\\/avatar\\\/dd55a6f34d479a62b742d306a50635f8fb75c14c6f37bdf511d35fcd426956e0?s=96&d=blank&r=g\",\"url\":\"https:\\\/\\\/secure.gravatar.com\\\/avatar\\\/dd55a6f34d479a62b742d306a50635f8fb75c14c6f37bdf511d35fcd426956e0?s=96&d=blank&r=g\",\"contentUrl\":\"https:\\\/\\\/secure.gravatar.com\\\/avatar\\\/dd55a6f34d479a62b742d306a50635f8fb75c14c6f37bdf511d35fcd426956e0?s=96&d=blank&r=g\",\"caption\":\"Sirpa Sinisalo\"},\"description\":\"Kokekoordinaattori ja -kouluttaja, joka kokee hy\u00f6tyneens\u00e4 niin suuresti Niemikotis\u00e4\u00e4ti\u00f6n ty\u00f6nohjauksesta, ett\u00e4 p\u00e4\u00e4tti itsekin opiskella ty\u00f6nohjaajaksi (valmistuu syksyll\u00e4 2026). Sirpa on pit\u00e4nyt my\u00f6s psykoedukaatioryhmi\u00e4 Haagassa ammattilaisen ty\u00f6parina. Kokemusasiantuntijuus on Sirpalle syd\u00e4men asia!\",\"url\":\"https:\\\/\\\/niemikoti.fi\\\/en\\\/author\\\/sirpasinisalo\\\/\"}]}<\/script>\n<!-- \/ Yoast SEO plugin. -->","yoast_head_json":{"title":"Traveling in Italy, part 2\/2 - Niemikotis\u00e4\u00e4ti\u00f6","robots":{"index":"index","follow":"follow","max-snippet":"max-snippet:-1","max-image-preview":"max-image-preview:large","max-video-preview":"max-video-preview:-1"},"canonical":"https:\/\/niemikoti.fi\/en\/traveling-in-italy-part-2-2\/","og_locale":"en_US","og_type":"article","og_title":"Traveling in Italy, part 2\/2 - Niemikotis\u00e4\u00e4ti\u00f6","og_description":"K\u00e4vin marraskuussa entisess\u00e4 kotikaupungissani Milanossa ja haastattelin psykiatri Emanuela Apicellaa 04.11. Varesen Food for mind -keskuksessa, jonka johtaja h\u00e4n on.","og_url":"https:\/\/niemikoti.fi\/en\/traveling-in-italy-part-2-2\/","og_site_name":"Niemikotis\u00e4\u00e4ti\u00f6","article_publisher":"https:\/\/www.facebook.com\/niemikoti","article_published_time":"2026-03-16T03:30:00+00:00","article_modified_time":"2026-03-17T09:00:23+00:00","og_image":[{"width":2560,"height":1920,"url":"https:\/\/niemikoti.fi\/wp-content\/uploads\/2026\/02\/varese-sirpa-AdobeStock_699334273-scaled.jpeg","type":"image\/jpeg"}],"author":"Sirpa Sinisalo","twitter_card":"summary_large_image","twitter_misc":{"Written by":"Sirpa Sinisalo"},"schema":{"@context":"https:\/\/schema.org","@graph":[{"@type":"Article","@id":"https:\/\/niemikoti.fi\/en\/traveling-in-italy-part-2-2\/#article","isPartOf":{"@id":"https:\/\/niemikoti.fi\/en\/traveling-in-italy-part-2-2\/"},"author":{"name":"Sirpa Sinisalo","@id":"https:\/\/niemikoti.fi\/#\/schema\/person\/0b123df1d362fa37aaf142e137e1cbb3"},"headline":"Traveling in Italy, part 2\/2","datePublished":"2026-03-16T03:30:00+00:00","dateModified":"2026-03-17T09:00:23+00:00","mainEntityOfPage":{"@id":"https:\/\/niemikoti.fi\/en\/traveling-in-italy-part-2-2\/"},"wordCount":1082,"publisher":{"@id":"https:\/\/niemikoti.fi\/#organization"},"image":{"@id":"https:\/\/niemikoti.fi\/en\/traveling-in-italy-part-2-2\/#primaryimage"},"thumbnailUrl":"https:\/\/niemikoti.fi\/wp-content\/uploads\/2026\/02\/varese-sirpa-AdobeStock_699334273-scaled.jpeg","keywords":["Italia","psykiatria","stigma","sy\u00f6mish\u00e4iri\u00f6t","toipuminen"],"articleSection":["Experts by Experience and Service Users","From Shadows to Light blog","Internationalisation and Networks","News"],"inLanguage":"en-US"},{"@type":"WebPage","@id":"https:\/\/niemikoti.fi\/en\/traveling-in-italy-part-2-2\/","url":"https:\/\/niemikoti.fi\/en\/traveling-in-italy-part-2-2\/","name":"Traveling in Italy, part 2\/2 - Niemikotis\u00e4\u00e4ti\u00f6","isPartOf":{"@id":"https:\/\/niemikoti.fi\/#website"},"primaryImageOfPage":{"@id":"https:\/\/niemikoti.fi\/en\/traveling-in-italy-part-2-2\/#primaryimage"},"image":{"@id":"https:\/\/niemikoti.fi\/en\/traveling-in-italy-part-2-2\/#primaryimage"},"thumbnailUrl":"https:\/\/niemikoti.fi\/wp-content\/uploads\/2026\/02\/varese-sirpa-AdobeStock_699334273-scaled.jpeg","datePublished":"2026-03-16T03:30:00+00:00","dateModified":"2026-03-17T09:00:23+00:00","breadcrumb":{"@id":"https:\/\/niemikoti.fi\/en\/traveling-in-italy-part-2-2\/#breadcrumb"},"inLanguage":"en-US","potentialAction":[{"@type":"ReadAction","target":["https:\/\/niemikoti.fi\/en\/traveling-in-italy-part-2-2\/"]}]},{"@type":"ImageObject","inLanguage":"en-US","@id":"https:\/\/niemikoti.fi\/en\/traveling-in-italy-part-2-2\/#primaryimage","url":"https:\/\/niemikoti.fi\/wp-content\/uploads\/2026\/02\/varese-sirpa-AdobeStock_699334273-scaled.jpeg","contentUrl":"https:\/\/niemikoti.fi\/wp-content\/uploads\/2026\/02\/varese-sirpa-AdobeStock_699334273-scaled.jpeg","width":2560,"height":1920},{"@type":"BreadcrumbList","@id":"https:\/\/niemikoti.fi\/en\/traveling-in-italy-part-2-2\/#breadcrumb","itemListElement":[{"@type":"ListItem","position":1,"name":"Home","item":"https:\/\/niemikoti.fi\/en\/"},{"@type":"ListItem","position":2,"name":"Traveling in Italy, part 2\/2"}]},{"@type":"WebSite","@id":"https:\/\/niemikoti.fi\/#website","url":"https:\/\/niemikoti.fi\/","name":"Niemikotis\u00e4\u00e4ti\u00f6","description":"Yhdess\u00e4 jo 40 vuotta","publisher":{"@id":"https:\/\/niemikoti.fi\/#organization"},"potentialAction":[{"@type":"SearchAction","target":{"@type":"EntryPoint","urlTemplate":"https:\/\/niemikoti.fi\/?s={search_term_string}"},"query-input":{"@type":"PropertyValueSpecification","valueRequired":true,"valueName":"search_term_string"}}],"inLanguage":"en-US"},{"@type":"Organization","@id":"https:\/\/niemikoti.fi\/#organization","name":"Niemikotis\u00e4\u00e4ti\u00f6","url":"https:\/\/niemikoti.fi\/","logo":{"@type":"ImageObject","inLanguage":"en-US","@id":"https:\/\/niemikoti.fi\/#\/schema\/logo\/image\/","url":"https:\/\/niemikoti.fi\/wp-content\/uploads\/2023\/02\/niemikotilogo40v_vaaka.png","contentUrl":"https:\/\/niemikoti.fi\/wp-content\/uploads\/2023\/02\/niemikotilogo40v_vaaka.png","width":1147,"height":418,"caption":"Niemikotis\u00e4\u00e4ti\u00f6"},"image":{"@id":"https:\/\/niemikoti.fi\/#\/schema\/logo\/image\/"},"sameAs":["https:\/\/www.facebook.com\/niemikoti","https:\/\/www.instagram.com\/niemikoti\/","https:\/\/www.youtube.com\/channel\/UCfo6l7q45CD_derGzEH8XGA"]},{"@type":"Person","@id":"https:\/\/niemikoti.fi\/#\/schema\/person\/0b123df1d362fa37aaf142e137e1cbb3","name":"Sirpa Sinisalo","image":{"@type":"ImageObject","inLanguage":"en-US","@id":"https:\/\/secure.gravatar.com\/avatar\/dd55a6f34d479a62b742d306a50635f8fb75c14c6f37bdf511d35fcd426956e0?s=96&d=blank&r=g","url":"https:\/\/secure.gravatar.com\/avatar\/dd55a6f34d479a62b742d306a50635f8fb75c14c6f37bdf511d35fcd426956e0?s=96&d=blank&r=g","contentUrl":"https:\/\/secure.gravatar.com\/avatar\/dd55a6f34d479a62b742d306a50635f8fb75c14c6f37bdf511d35fcd426956e0?s=96&d=blank&r=g","caption":"Sirpa Sinisalo"},"description":"Kokekoordinaattori ja -kouluttaja, joka kokee hy\u00f6tyneens\u00e4 niin suuresti Niemikotis\u00e4\u00e4ti\u00f6n ty\u00f6nohjauksesta, ett\u00e4 p\u00e4\u00e4tti itsekin opiskella ty\u00f6nohjaajaksi (valmistuu syksyll\u00e4 2026). Sirpa on pit\u00e4nyt my\u00f6s psykoedukaatioryhmi\u00e4 Haagassa ammattilaisen ty\u00f6parina. Kokemusasiantuntijuus on Sirpalle syd\u00e4men asia!","url":"https:\/\/niemikoti.fi\/en\/author\/sirpasinisalo\/"}]}},"taxonomy_info":{"category":[{"value":836,"label":"Experts by Experience and Service Users"},{"value":735,"label":"From Shadows to Light blog"},{"value":759,"label":"Internationalisation and Networks"},{"value":295,"label":"News"}],"post_tag":[{"value":878,"label":"Italia"},{"value":879,"label":"psykiatria"},{"value":880,"label":"stigma"},{"value":881,"label":"sy\u00f6mish\u00e4iri\u00f6t"},{"value":882,"label":"toipuminen"}]},"featured_image_src_large":["https:\/\/niemikoti.fi\/wp-content\/uploads\/2026\/02\/varese-sirpa-AdobeStock_699334273-1024x768.jpeg",1024,768,true],"author_info":{"display_name":"Sirpa Sinisalo","author_link":"https:\/\/niemikoti.fi\/en\/author\/sirpasinisalo\/"},"comment_info":0,"category_info":[{"term_id":836,"name":"Experts by Experience and Service Users","slug":"experts-by-experience-and-service-users","term_group":0,"term_taxonomy_id":836,"taxonomy":"category","description":"","parent":0,"count":14,"filter":"raw","cat_ID":836,"category_count":14,"category_description":"","cat_name":"Experts by Experience and Service Users","category_nicename":"experts-by-experience-and-service-users","category_parent":0},{"term_id":735,"name":"From Shadows to Light blog","slug":"from-shadows-to-light-blog","term_group":0,"term_taxonomy_id":735,"taxonomy":"category","description":"","parent":0,"count":12,"filter":"raw","cat_ID":735,"category_count":12,"category_description":"","cat_name":"From Shadows to Light blog","category_nicename":"from-shadows-to-light-blog","category_parent":0},{"term_id":759,"name":"Internationalisation and Networks","slug":"internationalisation-and-networks","term_group":0,"term_taxonomy_id":759,"taxonomy":"category","description":"","parent":0,"count":3,"filter":"raw","cat_ID":759,"category_count":3,"category_description":"","cat_name":"Internationalisation and Networks","category_nicename":"internationalisation-and-networks","category_parent":0},{"term_id":295,"name":"News","slug":"news","term_group":0,"term_taxonomy_id":295,"taxonomy":"category","description":"","parent":0,"count":42,"filter":"raw","cat_ID":295,"category_count":42,"category_description":"","cat_name":"News","category_nicename":"news","category_parent":0}],"tag_info":[{"term_id":878,"name":"Italia","slug":"italia","term_group":0,"term_taxonomy_id":878,"taxonomy":"post_tag","description":"","parent":0,"count":1,"filter":"raw"},{"term_id":879,"name":"psykiatria","slug":"psykiatria","term_group":0,"term_taxonomy_id":879,"taxonomy":"post_tag","description":"","parent":0,"count":1,"filter":"raw"},{"term_id":880,"name":"stigma","slug":"stigma","term_group":0,"term_taxonomy_id":880,"taxonomy":"post_tag","description":"","parent":0,"count":1,"filter":"raw"},{"term_id":881,"name":"sy\u00f6mish\u00e4iri\u00f6t","slug":"syomishairiot","term_group":0,"term_taxonomy_id":881,"taxonomy":"post_tag","description":"","parent":0,"count":1,"filter":"raw"},{"term_id":882,"name":"toipuminen","slug":"toipuminen","term_group":0,"term_taxonomy_id":882,"taxonomy":"post_tag","description":"","parent":0,"count":1,"filter":"raw"}],"_links":{"self":[{"href":"https:\/\/niemikoti.fi\/en\/wp-json\/wp\/v2\/posts\/50526","targetHints":{"allow":["GET"]}}],"collection":[{"href":"https:\/\/niemikoti.fi\/en\/wp-json\/wp\/v2\/posts"}],"about":[{"href":"https:\/\/niemikoti.fi\/en\/wp-json\/wp\/v2\/types\/post"}],"author":[{"embeddable":true,"href":"https:\/\/niemikoti.fi\/en\/wp-json\/wp\/v2\/users\/255"}],"replies":[{"embeddable":true,"href":"https:\/\/niemikoti.fi\/en\/wp-json\/wp\/v2\/comments?post=50526"}],"version-history":[{"count":4,"href":"https:\/\/niemikoti.fi\/en\/wp-json\/wp\/v2\/posts\/50526\/revisions"}],"predecessor-version":[{"id":50553,"href":"https:\/\/niemikoti.fi\/en\/wp-json\/wp\/v2\/posts\/50526\/revisions\/50553"}],"wp:featuredmedia":[{"embeddable":true,"href":"https:\/\/niemikoti.fi\/en\/wp-json\/wp\/v2\/media\/50532"}],"wp:attachment":[{"href":"https:\/\/niemikoti.fi\/en\/wp-json\/wp\/v2\/media?parent=50526"}],"wp:term":[{"taxonomy":"category","embeddable":true,"href":"https:\/\/niemikoti.fi\/en\/wp-json\/wp\/v2\/categories?post=50526"},{"taxonomy":"post_tag","embeddable":true,"href":"https:\/\/niemikoti.fi\/en\/wp-json\/wp\/v2\/tags?post=50526"},{"taxonomy":"yksikkokategoria","embeddable":true,"href":"https:\/\/niemikoti.fi\/en\/wp-json\/wp\/v2\/yksikkokategoria?post=50526"},{"taxonomy":"sisaltoluokka","embeddable":true,"href":"https:\/\/niemikoti.fi\/en\/wp-json\/wp\/v2\/sisaltoluokka?post=50526"}],"curies":[{"name":"wp","href":"https:\/\/api.w.org\/{rel}","templated":true}]}}