{"id":48150,"date":"2025-10-30T12:37:16","date_gmt":"2025-10-30T10:37:16","guid":{"rendered":"https:\/\/niemikoti.fi\/?p=48150"},"modified":"2025-11-03T07:09:00","modified_gmt":"2025-11-03T05:09:00","slug":"otsonpolku-and-the-subletting-office-are-moving-to-new-premises-in-december","status":"publish","type":"post","link":"https:\/\/niemikoti.fi\/en\/otsonpolku-and-the-subletting-office-are-moving-to-new-premises-in-december\/","title":{"rendered":"Otsonpolku and the Subletting Office Are Moving to New Premises in December"},"content":{"rendered":"<style>.kb-row-layout-id48150_5feea7-72 > .kt-row-column-wrap{align-content:start;}:where(.kb-row-layout-id48150_5feea7-72 > .kt-row-column-wrap) > .wp-block-kadence-column{justify-content:start;}.kb-row-layout-id48150_5feea7-72 > .kt-row-column-wrap{column-gap:var(--global-kb-gap-md, 2rem);row-gap:var(--global-kb-gap-md, 2rem);padding-top:var(--global-kb-spacing-sm, 1.5rem);padding-bottom:var(--global-kb-spacing-sm, 1.5rem);grid-template-columns:minmax(0, calc(60% - ((var(--global-kb-gap-md, 2rem) * 1 )\/2)))minmax(0, calc(40% - ((var(--global-kb-gap-md, 2rem) * 1 )\/2)));}.kb-row-layout-id48150_5feea7-72 > .kt-row-layout-overlay{opacity:0.30;}@media all and (max-width: 1024px){.kb-row-layout-id48150_5feea7-72 > .kt-row-column-wrap{grid-template-columns:minmax(0, 2fr) minmax(0, 1fr);}}@media all and (max-width: 767px){.kb-row-layout-id48150_5feea7-72 > .kt-row-column-wrap{grid-template-columns:minmax(0, 1fr);}}<\/style><div class=\"kb-row-layout-wrap kb-row-layout-id48150_5feea7-72 alignnone wp-block-kadence-rowlayout\"><div class=\"kt-row-column-wrap kt-has-2-columns kt-row-layout-left-golden kt-tab-layout-inherit kt-mobile-layout-row kt-row-valign-top\">\n<style>.kadence-column48150_5991ad-44 > .kt-inside-inner-col,.kadence-column48150_5991ad-44 > .kt-inside-inner-col:before{border-top-left-radius:0px;border-top-right-radius:0px;border-bottom-right-radius:0px;border-bottom-left-radius:0px;}.kadence-column48150_5991ad-44 > .kt-inside-inner-col{column-gap:var(--global-kb-gap-sm, 1rem);}.kadence-column48150_5991ad-44 > .kt-inside-inner-col{flex-direction:column;}.kadence-column48150_5991ad-44 > .kt-inside-inner-col > .aligncenter{width:100%;}.kadence-column48150_5991ad-44 > .kt-inside-inner-col:before{opacity:0.3;}.kadence-column48150_5991ad-44{position:relative;}@media all and (max-width: 1024px){.kadence-column48150_5991ad-44 > .kt-inside-inner-col{flex-direction:column;justify-content:center;}}@media all and (max-width: 767px){.kadence-column48150_5991ad-44 > .kt-inside-inner-col{flex-direction:column;justify-content:center;}}<\/style>\n<div class=\"wp-block-kadence-column kadence-column48150_5991ad-44\"><div class=\"kt-inside-inner-col\">\n<p class=\"has-medium-font-size\">Otsonpolku supported housing and the Subletting Unit\u2019s office will move in December 2025 to a new address: Kilpolantie 2, 00940 Helsinki. The building, located in Kontula, offers a peaceful environment and good transport connections.<\/p>\n\n\n\n<p class=\"has-medium-font-size\">Satu Rintala, the senior instructor at Otsonpolku, made a video that offers a glimpse into the upcoming premises \u2013 and the music in the video is also composed by Satu herself with the help of AI.<\/p>\n<\/div><\/div>\n\n\n<style>.kadence-column48150_90ea38-5d > .kt-inside-inner-col{display:flex;}.kadence-column48150_90ea38-5d > .kt-inside-inner-col{padding-top:var(--global-kb-spacing-lg, 3rem);padding-right:var(--global-kb-spacing-lg, 3rem);padding-bottom:var(--global-kb-spacing-lg, 3rem);padding-left:var(--global-kb-spacing-lg, 3rem);}.kadence-column48150_90ea38-5d > .kt-inside-inner-col,.kadence-column48150_90ea38-5d > .kt-inside-inner-col:before{border-top-left-radius:30px;border-top-right-radius:0px;border-bottom-right-radius:30px;border-bottom-left-radius:0px;}.kadence-column48150_90ea38-5d > .kt-inside-inner-col{column-gap:var(--global-kb-gap-sm, 1rem);}.kadence-column48150_90ea38-5d > .kt-inside-inner-col{flex-direction:column;justify-content:center;}.kadence-column48150_90ea38-5d > .kt-inside-inner-col > .aligncenter{width:100%;}.kt-row-column-wrap > .kadence-column48150_90ea38-5d{align-self:center;}.kt-inner-column-height-full:not(.kt-has-1-columns) > .wp-block-kadence-column.kadence-column48150_90ea38-5d{align-self:auto;}.kt-inner-column-height-full:not(.kt-has-1-columns) > .wp-block-kadence-column.kadence-column48150_90ea38-5d > .kt-inside-inner-col{flex-direction:column;justify-content:center;}.kadence-column48150_90ea38-5d > .kt-inside-inner-col{background-color:rgba(43, 108, 176, 0.22);}.kadence-column48150_90ea38-5d > .kt-inside-inner-col:before{opacity:0.3;}.kadence-column48150_90ea38-5d{position:relative;}@media all and (max-width: 1024px){.kt-row-column-wrap > .kadence-column48150_90ea38-5d{align-self:center;}}@media all and (max-width: 1024px){.kt-inner-column-height-full:not(.kt-has-1-columns) > .wp-block-kadence-column.kadence-column48150_90ea38-5d{align-self:auto;}}@media all and (max-width: 1024px){.kt-inner-column-height-full:not(.kt-has-1-columns) > .wp-block-kadence-column.kadence-column48150_90ea38-5d > .kt-inside-inner-col{flex-direction:column;justify-content:center;}}@media all and (max-width: 1024px){.kadence-column48150_90ea38-5d > .kt-inside-inner-col{flex-direction:column;justify-content:center;}}@media all and (max-width: 767px){.kt-row-column-wrap > .kadence-column48150_90ea38-5d{align-self:center;}.kt-inner-column-height-full:not(.kt-has-1-columns) > .wp-block-kadence-column.kadence-column48150_90ea38-5d{align-self:auto;}.kt-inner-column-height-full:not(.kt-has-1-columns) > .wp-block-kadence-column.kadence-column48150_90ea38-5d > .kt-inside-inner-col{flex-direction:column;justify-content:center;}.kadence-column48150_90ea38-5d > .kt-inside-inner-col{flex-direction:column;justify-content:center;}}<\/style>\n<div class=\"wp-block-kadence-column kadence-column48150_90ea38-5d\"><div class=\"kt-inside-inner-col\">\n<p class=\"has-medium-font-size\">New address after the move:<\/p>\n\n\n\n<p class=\"has-medium-font-size\">Kilpolantie 2<br>00940 Helsinki<\/p>\n<\/div><\/div>\n\n<\/div><\/div>\n\n\n<div class=\"tb-youtube\" data-toolset-blocks-youtube=\"253d3b373c10a85e4ec1cddf9b65c9fa\"><div><iframe data-src=\"https:\/\/www.youtube.com\/embed\/yYKoxDsBpHc?rel=0&#038;toolset=1\" frameBorder=\"0\" allow=\"accelerometer; autoplay; encrypted-media; gyroscope; picture-in-picture\" allowfullscreen><\/iframe><\/div><\/div>\n\n\n<style>.kb-row-layout-id48150_0772c9-61 > .kt-row-column-wrap{align-content:start;}:where(.kb-row-layout-id48150_0772c9-61 > .kt-row-column-wrap) > .wp-block-kadence-column{justify-content:start;}.kb-row-layout-id48150_0772c9-61 > .kt-row-column-wrap{column-gap:var(--global-kb-gap-md, 2rem);row-gap:var(--global-kb-gap-md, 2rem);padding-top:var(--global-kb-spacing-sm, 1.5rem);padding-bottom:var(--global-kb-spacing-sm, 1.5rem);grid-template-columns:minmax(0, 1fr);}.kb-row-layout-id48150_0772c9-61 > .kt-row-layout-overlay{opacity:0.30;}@media all and (max-width: 1024px){.kb-row-layout-id48150_0772c9-61 > .kt-row-column-wrap{grid-template-columns:minmax(0, 1fr);}}@media all and (max-width: 767px){.kb-row-layout-id48150_0772c9-61 > .kt-row-column-wrap{grid-template-columns:minmax(0, 1fr);}}<\/style><div class=\"kb-row-layout-wrap kb-row-layout-id48150_0772c9-61 alignnone wp-block-kadence-rowlayout\"><div class=\"kt-row-column-wrap kt-has-1-columns kt-row-layout-equal kt-tab-layout-inherit kt-mobile-layout-row kt-row-valign-top\">\n<style>.kadence-column48150_dab6e4-77 > .kt-inside-inner-col,.kadence-column48150_dab6e4-77 > .kt-inside-inner-col:before{border-top-left-radius:0px;border-top-right-radius:0px;border-bottom-right-radius:0px;border-bottom-left-radius:0px;}.kadence-column48150_dab6e4-77 > .kt-inside-inner-col{column-gap:var(--global-kb-gap-sm, 1rem);}.kadence-column48150_dab6e4-77 > .kt-inside-inner-col{flex-direction:column;}.kadence-column48150_dab6e4-77 > .kt-inside-inner-col > .aligncenter{width:100%;}.kadence-column48150_dab6e4-77 > .kt-inside-inner-col:before{opacity:0.3;}.kadence-column48150_dab6e4-77{position:relative;}@media all and (max-width: 1024px){.kadence-column48150_dab6e4-77 > .kt-inside-inner-col{flex-direction:column;justify-content:center;}}@media all and (max-width: 767px){.kadence-column48150_dab6e4-77 > .kt-inside-inner-col{flex-direction:column;justify-content:center;}}<\/style>\n<div class=\"wp-block-kadence-column kadence-column48150_dab6e4-77\"><div class=\"kt-inside-inner-col\">\n<h2 class=\"wp-block-heading\">Video narration<\/h2>\n\n\n\n<p><strong>Otsonpolku is moving to Kilpolantie.<\/strong><br>Kilpolantie is located in Kontula, in a peaceful area with good transport connections nearby.<\/p>\n\n\n\n<p>The building has 19 apartments, 14 of which are two-room flats and five are studios. There is also a community space, laundry room, and an office corridor that will house the staff of Otsonpolku and the Subletting Unit.<\/p>\n\n\n\n<p>Each apartment has its own kitchen, balcony, and bathroom. Residents can receive visitors, who can easily be let in through the intercom system.<\/p>\n\n\n\n<p>Otsonpolku\u2019s counsellors are present on weekdays from 8 a.m. to 8 p.m., and on weekends from 8 a.m. to 4 p.m.<\/p>\n\n\n\n<p>Before Otsonpolku moves in, all apartments will be refurbished. The moves will be carried out with the help of professional movers, covered by the Niemikotis\u00e4\u00e4ti\u00f6 Foundation.<\/p>\n\n\n\n<p>The building also features a common lounge, where voluntary movie nights, games, and group activities can be organised.<\/p>\n\n\n\n<p>Meetings with one\u2019s personal counsellor mainly take place at home as house visits. The length, frequency, and content of these visits are tailored to each resident\u2019s individual needs.<\/p>\n\n\n\n<p>The aim is that through regular home visits, residents\u2019 independent living skills and well-being will improve, enabling a gradual transition to supported housing \u2014 in scattered apartments.<\/p>\n\n\n\n<p>After living in supported housing for a while and gaining more confidence and self-management skills, residents may move on to a less supported form of living \u2014 subletting.<\/p>\n\n\n\n<p>Otsonpolku will continue to organise an annual summer camp in Iitti, as well as excursions and visits.<\/p>\n\n\n\n<p>Most of the staff will remain the same.<br>From December onwards,&nbsp;<strong>Tarja<\/strong>&nbsp;and&nbsp;<strong>Tuomas<\/strong>&nbsp;will work as counsellors in supported (scattered) housing.<br>At the community housing unit on Kilpolantie, the staff will include&nbsp;<strong>Sanna-Mari<\/strong>,&nbsp;<strong>Mari<\/strong>,&nbsp;<strong>Sari<\/strong>, and&nbsp;<strong>Minna<\/strong>.<br><strong>Satu<\/strong>&nbsp;will continue as the senior counsellor for both forms of housing.<\/p>\n\n\n\n<p>Living on Kilpolantie offers better opportunities for independent life, as the housing costs are reasonable. The apartments are comparable to ordinary rental flats, but the level of support available is significantly higher than in supported (scattered) housing.<\/p>\n\n\n\n<hr class=\"wp-block-separator has-alpha-channel-opacity\"\/>\n\n\n\n<p><strong>Music:<\/strong><br><em>\u201cVoit olla itsest\u00e4si ylpe\u00e4. Me halutaan stigmaa v\u00e4hent\u00e4\u00e4 ja siksi palvelujen tajuaminen on t\u00e4rke\u00e4\u00e4.<br>Ja mik\u00e4 sunkin muistaa pit\u00e4\u00e4? Sairastunut voi olla kuka tahansa meist\u00e4.<br>Toipuminen tarkoittaa el\u00e4m\u00e4\u00e4 merkityksellist\u00e4, oman identiteetin l\u00f6ytymist\u00e4, uskoa, toivoa ja luottamusta tulevaan \u2013 valoa ja voimaa omaan maailmaan. Osallisuus on t\u00e4rke\u00e4\u00e4. T\u00e4\u00e4 kaikki toipumisorientaation kiteytt\u00e4\u00e4.\u201d<\/em><\/p>\n<\/div><\/div>\n\n<\/div><\/div><div style=\"margin: 20px 0;\"><div class=\"qrcswholewtapper\" style=\"text-align:left;\"><div class=\"qrcprowrapper\"  id=\"qrcwraa2leds\"><div class=\"qrc_canvass\" id=\"qrc_cuttenpages_2\" style=\"display:none\" data-text=\"https:\/\/niemikoti.fi\/en\/otsonpolku-and-the-subletting-office-are-moving-to-new-premises-in-december\/\"><\/div><div><a download=\"Otsonpolku and the Subletting Office Are Moving to New Premises in December.png\" class=\"qrcdownloads\" id=\"worign\">\r\n           <button type=\"button\" style=\"min-width:200px;background:#c8fd8c;color:#000;font-weight: 600;border: 1px solid #dddddd;border-radius:4px;font-size:12px;padding: 6px 0;\" class=\"uqr_code_btn\">Lataa QR-koodi<\/button>\r\n           <\/a><\/div><\/div><\/div><\/div>","protected":false},"excerpt":{"rendered":"<p>Otsonpolku supported housing and the Subletting Unit\u2019s office will move in December 2025 to a new address: Kilpolantie 2, 00940 Helsinki. The building, located in Kontula, offers a peaceful environment and&#8230;<\/p>\n","protected":false},"author":2,"featured_media":48149,"comment_status":"closed","ping_status":"open","sticky":false,"template":"","format":"standard","meta":{"_kad_blocks_custom_css":"","_kad_blocks_head_custom_js":"","_kad_blocks_body_custom_js":"","_kad_blocks_footer_custom_js":"","_kad_post_transparent":"","_kad_post_title":"","_kad_post_layout":"","_kad_post_sidebar_id":"","_kad_post_content_style":"","_kad_post_vertical_padding":"","_kad_post_feature":"","_kad_post_feature_position":"","_kad_post_header":false,"_kad_post_footer":false,"_kad_post_classname":"","cybocfi_hide_featured_image":"","footnotes":"","_links_to":"","_links_to_target":""},"categories":[295,832],"tags":[],"yksikkokategoria":[],"sisaltoluokka":[],"class_list":["post-48150","post","type-post","status-publish","format-standard","has-post-thumbnail","hentry","category-news","category-residential-rehabilitation"],"yoast_head":"<!-- This site is optimized with the Yoast SEO plugin v27.4 - https:\/\/yoast.com\/product\/yoast-seo-wordpress\/ -->\n<title>Otsonpolku and the Subletting Office Are Moving to New Premises in December - Niemikotis\u00e4\u00e4ti\u00f6<\/title>\n<meta name=\"robots\" content=\"index, follow, max-snippet:-1, max-image-preview:large, max-video-preview:-1\" \/>\n<link rel=\"canonical\" href=\"https:\/\/niemikoti.fi\/en\/otsonpolku-and-the-subletting-office-are-moving-to-new-premises-in-december\/\" \/>\n<meta property=\"og:locale\" content=\"en_US\" \/>\n<meta property=\"og:type\" content=\"article\" \/>\n<meta property=\"og:title\" content=\"Otsonpolku and the Subletting Office Are Moving to New Premises in December - Niemikotis\u00e4\u00e4ti\u00f6\" \/>\n<meta property=\"og:description\" content=\"Otsonpolku supported housing and the Subletting Unit\u2019s office will move in December 2025 to a new address: Kilpolantie 2, 00940 Helsinki. The building, located in Kontula, offers a peaceful environment and...\" \/>\n<meta property=\"og:url\" content=\"https:\/\/niemikoti.fi\/en\/otsonpolku-and-the-subletting-office-are-moving-to-new-premises-in-december\/\" \/>\n<meta property=\"og:site_name\" content=\"Niemikotis\u00e4\u00e4ti\u00f6\" \/>\n<meta property=\"article:publisher\" content=\"https:\/\/www.facebook.com\/niemikoti\" \/>\n<meta property=\"article:published_time\" content=\"2025-10-30T10:37:16+00:00\" \/>\n<meta property=\"article:modified_time\" content=\"2025-11-03T05:09:00+00:00\" \/>\n<meta property=\"og:image\" content=\"https:\/\/niemikoti.fi\/wp-content\/uploads\/2025\/10\/Screenshot-2025-10-30-at-12.36.19.png\" \/>\n\t<meta property=\"og:image:width\" content=\"1415\" \/>\n\t<meta property=\"og:image:height\" content=\"853\" \/>\n\t<meta property=\"og:image:type\" content=\"image\/png\" \/>\n<meta name=\"author\" content=\"Niemikotis\u00e4\u00e4ti\u00f6n viestint\u00e4\" \/>\n<meta name=\"twitter:card\" content=\"summary_large_image\" \/>\n<meta name=\"twitter:label1\" content=\"Written by\" \/>\n\t<meta name=\"twitter:data1\" content=\"Niemikotis\u00e4\u00e4ti\u00f6n viestint\u00e4\" \/>\n\t<meta name=\"twitter:label2\" content=\"Est. reading time\" \/>\n\t<meta name=\"twitter:data2\" content=\"3 minutes\" \/>\n<script type=\"application\/ld+json\" class=\"yoast-schema-graph\">{\"@context\":\"https:\\\/\\\/schema.org\",\"@graph\":[{\"@type\":\"Article\",\"@id\":\"https:\\\/\\\/niemikoti.fi\\\/en\\\/otsonpolku-and-the-subletting-office-are-moving-to-new-premises-in-december\\\/#article\",\"isPartOf\":{\"@id\":\"https:\\\/\\\/niemikoti.fi\\\/en\\\/otsonpolku-and-the-subletting-office-are-moving-to-new-premises-in-december\\\/\"},\"author\":{\"name\":\"Niemikotis\u00e4\u00e4ti\u00f6n viestint\u00e4\",\"@id\":\"https:\\\/\\\/niemikoti.fi\\\/#\\\/schema\\\/person\\\/31ffd9d2b2b8647bdd96db96286dc06c\"},\"headline\":\"Otsonpolku and the Subletting Office Are Moving to New Premises in December\",\"datePublished\":\"2025-10-30T10:37:16+00:00\",\"dateModified\":\"2025-11-03T05:09:00+00:00\",\"mainEntityOfPage\":{\"@id\":\"https:\\\/\\\/niemikoti.fi\\\/en\\\/otsonpolku-and-the-subletting-office-are-moving-to-new-premises-in-december\\\/\"},\"wordCount\":493,\"publisher\":{\"@id\":\"https:\\\/\\\/niemikoti.fi\\\/#organization\"},\"image\":{\"@id\":\"https:\\\/\\\/niemikoti.fi\\\/en\\\/otsonpolku-and-the-subletting-office-are-moving-to-new-premises-in-december\\\/#primaryimage\"},\"thumbnailUrl\":\"https:\\\/\\\/niemikoti.fi\\\/wp-content\\\/uploads\\\/2025\\\/10\\\/Screenshot-2025-10-30-at-12.36.19.png\",\"articleSection\":[\"News\",\"Residential rehabilitation\"],\"inLanguage\":\"en-US\"},{\"@type\":\"WebPage\",\"@id\":\"https:\\\/\\\/niemikoti.fi\\\/en\\\/otsonpolku-and-the-subletting-office-are-moving-to-new-premises-in-december\\\/\",\"url\":\"https:\\\/\\\/niemikoti.fi\\\/en\\\/otsonpolku-and-the-subletting-office-are-moving-to-new-premises-in-december\\\/\",\"name\":\"Otsonpolku and the Subletting Office Are Moving to New Premises in December - Niemikotis\u00e4\u00e4ti\u00f6\",\"isPartOf\":{\"@id\":\"https:\\\/\\\/niemikoti.fi\\\/#website\"},\"primaryImageOfPage\":{\"@id\":\"https:\\\/\\\/niemikoti.fi\\\/en\\\/otsonpolku-and-the-subletting-office-are-moving-to-new-premises-in-december\\\/#primaryimage\"},\"image\":{\"@id\":\"https:\\\/\\\/niemikoti.fi\\\/en\\\/otsonpolku-and-the-subletting-office-are-moving-to-new-premises-in-december\\\/#primaryimage\"},\"thumbnailUrl\":\"https:\\\/\\\/niemikoti.fi\\\/wp-content\\\/uploads\\\/2025\\\/10\\\/Screenshot-2025-10-30-at-12.36.19.png\",\"datePublished\":\"2025-10-30T10:37:16+00:00\",\"dateModified\":\"2025-11-03T05:09:00+00:00\",\"breadcrumb\":{\"@id\":\"https:\\\/\\\/niemikoti.fi\\\/en\\\/otsonpolku-and-the-subletting-office-are-moving-to-new-premises-in-december\\\/#breadcrumb\"},\"inLanguage\":\"en-US\",\"potentialAction\":[{\"@type\":\"ReadAction\",\"target\":[\"https:\\\/\\\/niemikoti.fi\\\/en\\\/otsonpolku-and-the-subletting-office-are-moving-to-new-premises-in-december\\\/\"]}]},{\"@type\":\"ImageObject\",\"inLanguage\":\"en-US\",\"@id\":\"https:\\\/\\\/niemikoti.fi\\\/en\\\/otsonpolku-and-the-subletting-office-are-moving-to-new-premises-in-december\\\/#primaryimage\",\"url\":\"https:\\\/\\\/niemikoti.fi\\\/wp-content\\\/uploads\\\/2025\\\/10\\\/Screenshot-2025-10-30-at-12.36.19.png\",\"contentUrl\":\"https:\\\/\\\/niemikoti.fi\\\/wp-content\\\/uploads\\\/2025\\\/10\\\/Screenshot-2025-10-30-at-12.36.19.png\",\"width\":1415,\"height\":853,\"caption\":\"A modern white apartment building with balconies and a landscaped area in front.\"},{\"@type\":\"BreadcrumbList\",\"@id\":\"https:\\\/\\\/niemikoti.fi\\\/en\\\/otsonpolku-and-the-subletting-office-are-moving-to-new-premises-in-december\\\/#breadcrumb\",\"itemListElement\":[{\"@type\":\"ListItem\",\"position\":1,\"name\":\"Home\",\"item\":\"https:\\\/\\\/niemikoti.fi\\\/en\\\/\"},{\"@type\":\"ListItem\",\"position\":2,\"name\":\"Otsonpolku and the Subletting Office Are Moving to New Premises in December\"}]},{\"@type\":\"WebSite\",\"@id\":\"https:\\\/\\\/niemikoti.fi\\\/#website\",\"url\":\"https:\\\/\\\/niemikoti.fi\\\/\",\"name\":\"Niemikotis\u00e4\u00e4ti\u00f6\",\"description\":\"Yhdess\u00e4 jo 40 vuotta\",\"publisher\":{\"@id\":\"https:\\\/\\\/niemikoti.fi\\\/#organization\"},\"potentialAction\":[{\"@type\":\"SearchAction\",\"target\":{\"@type\":\"EntryPoint\",\"urlTemplate\":\"https:\\\/\\\/niemikoti.fi\\\/?s={search_term_string}\"},\"query-input\":{\"@type\":\"PropertyValueSpecification\",\"valueRequired\":true,\"valueName\":\"search_term_string\"}}],\"inLanguage\":\"en-US\"},{\"@type\":\"Organization\",\"@id\":\"https:\\\/\\\/niemikoti.fi\\\/#organization\",\"name\":\"Niemikotis\u00e4\u00e4ti\u00f6\",\"url\":\"https:\\\/\\\/niemikoti.fi\\\/\",\"logo\":{\"@type\":\"ImageObject\",\"inLanguage\":\"en-US\",\"@id\":\"https:\\\/\\\/niemikoti.fi\\\/#\\\/schema\\\/logo\\\/image\\\/\",\"url\":\"https:\\\/\\\/niemikoti.fi\\\/wp-content\\\/uploads\\\/2023\\\/02\\\/niemikotilogo40v_vaaka.png\",\"contentUrl\":\"https:\\\/\\\/niemikoti.fi\\\/wp-content\\\/uploads\\\/2023\\\/02\\\/niemikotilogo40v_vaaka.png\",\"width\":1147,\"height\":418,\"caption\":\"Niemikotis\u00e4\u00e4ti\u00f6\"},\"image\":{\"@id\":\"https:\\\/\\\/niemikoti.fi\\\/#\\\/schema\\\/logo\\\/image\\\/\"},\"sameAs\":[\"https:\\\/\\\/www.facebook.com\\\/niemikoti\",\"https:\\\/\\\/www.instagram.com\\\/niemikoti\\\/\",\"https:\\\/\\\/www.youtube.com\\\/channel\\\/UCfo6l7q45CD_derGzEH8XGA\"]},{\"@type\":\"Person\",\"@id\":\"https:\\\/\\\/niemikoti.fi\\\/#\\\/schema\\\/person\\\/31ffd9d2b2b8647bdd96db96286dc06c\",\"name\":\"Niemikotis\u00e4\u00e4ti\u00f6n viestint\u00e4\",\"image\":{\"@type\":\"ImageObject\",\"inLanguage\":\"en-US\",\"@id\":\"https:\\\/\\\/secure.gravatar.com\\\/avatar\\\/408e1c81a50332d703f9ab205319647097a27e0df578c498cabe8e9753b9afb0?s=96&d=blank&r=g\",\"url\":\"https:\\\/\\\/secure.gravatar.com\\\/avatar\\\/408e1c81a50332d703f9ab205319647097a27e0df578c498cabe8e9753b9afb0?s=96&d=blank&r=g\",\"contentUrl\":\"https:\\\/\\\/secure.gravatar.com\\\/avatar\\\/408e1c81a50332d703f9ab205319647097a27e0df578c498cabe8e9753b9afb0?s=96&d=blank&r=g\",\"caption\":\"Niemikotis\u00e4\u00e4ti\u00f6n viestint\u00e4\"},\"description\":\"Vuonna 1983 perustettu Niemikotis\u00e4\u00e4ti\u00f6 on voittoa tavoittelematon suomalainen verkostoitunut toimija, joka tuottaa monipuolisesti palveluja mielenterveyskuntoutujille. Ehk\u00e4isemme toiminnallamme syrj\u00e4ytymist\u00e4 ja eriarvoisuutta.\",\"url\":\"https:\\\/\\\/niemikoti.fi\\\/en\\\/author\\\/katjalampela\\\/\"}]}<\/script>\n<!-- \/ Yoast SEO plugin. -->","yoast_head_json":{"title":"Otsonpolku and the Subletting Office Are Moving to New Premises in December - Niemikotis\u00e4\u00e4ti\u00f6","robots":{"index":"index","follow":"follow","max-snippet":"max-snippet:-1","max-image-preview":"max-image-preview:large","max-video-preview":"max-video-preview:-1"},"canonical":"https:\/\/niemikoti.fi\/en\/otsonpolku-and-the-subletting-office-are-moving-to-new-premises-in-december\/","og_locale":"en_US","og_type":"article","og_title":"Otsonpolku and the Subletting Office Are Moving to New Premises in December - Niemikotis\u00e4\u00e4ti\u00f6","og_description":"Otsonpolku supported housing and the Subletting Unit\u2019s office will move in December 2025 to a new address: Kilpolantie 2, 00940 Helsinki. The building, located in Kontula, offers a peaceful environment and...","og_url":"https:\/\/niemikoti.fi\/en\/otsonpolku-and-the-subletting-office-are-moving-to-new-premises-in-december\/","og_site_name":"Niemikotis\u00e4\u00e4ti\u00f6","article_publisher":"https:\/\/www.facebook.com\/niemikoti","article_published_time":"2025-10-30T10:37:16+00:00","article_modified_time":"2025-11-03T05:09:00+00:00","og_image":[{"width":1415,"height":853,"url":"https:\/\/niemikoti.fi\/wp-content\/uploads\/2025\/10\/Screenshot-2025-10-30-at-12.36.19.png","type":"image\/png"}],"author":"Niemikotis\u00e4\u00e4ti\u00f6n viestint\u00e4","twitter_card":"summary_large_image","twitter_misc":{"Written by":"Niemikotis\u00e4\u00e4ti\u00f6n viestint\u00e4","Est. reading time":"3 minutes"},"schema":{"@context":"https:\/\/schema.org","@graph":[{"@type":"Article","@id":"https:\/\/niemikoti.fi\/en\/otsonpolku-and-the-subletting-office-are-moving-to-new-premises-in-december\/#article","isPartOf":{"@id":"https:\/\/niemikoti.fi\/en\/otsonpolku-and-the-subletting-office-are-moving-to-new-premises-in-december\/"},"author":{"name":"Niemikotis\u00e4\u00e4ti\u00f6n viestint\u00e4","@id":"https:\/\/niemikoti.fi\/#\/schema\/person\/31ffd9d2b2b8647bdd96db96286dc06c"},"headline":"Otsonpolku and the Subletting Office Are Moving to New Premises in December","datePublished":"2025-10-30T10:37:16+00:00","dateModified":"2025-11-03T05:09:00+00:00","mainEntityOfPage":{"@id":"https:\/\/niemikoti.fi\/en\/otsonpolku-and-the-subletting-office-are-moving-to-new-premises-in-december\/"},"wordCount":493,"publisher":{"@id":"https:\/\/niemikoti.fi\/#organization"},"image":{"@id":"https:\/\/niemikoti.fi\/en\/otsonpolku-and-the-subletting-office-are-moving-to-new-premises-in-december\/#primaryimage"},"thumbnailUrl":"https:\/\/niemikoti.fi\/wp-content\/uploads\/2025\/10\/Screenshot-2025-10-30-at-12.36.19.png","articleSection":["News","Residential rehabilitation"],"inLanguage":"en-US"},{"@type":"WebPage","@id":"https:\/\/niemikoti.fi\/en\/otsonpolku-and-the-subletting-office-are-moving-to-new-premises-in-december\/","url":"https:\/\/niemikoti.fi\/en\/otsonpolku-and-the-subletting-office-are-moving-to-new-premises-in-december\/","name":"Otsonpolku and the Subletting Office Are Moving to New Premises in December - Niemikotis\u00e4\u00e4ti\u00f6","isPartOf":{"@id":"https:\/\/niemikoti.fi\/#website"},"primaryImageOfPage":{"@id":"https:\/\/niemikoti.fi\/en\/otsonpolku-and-the-subletting-office-are-moving-to-new-premises-in-december\/#primaryimage"},"image":{"@id":"https:\/\/niemikoti.fi\/en\/otsonpolku-and-the-subletting-office-are-moving-to-new-premises-in-december\/#primaryimage"},"thumbnailUrl":"https:\/\/niemikoti.fi\/wp-content\/uploads\/2025\/10\/Screenshot-2025-10-30-at-12.36.19.png","datePublished":"2025-10-30T10:37:16+00:00","dateModified":"2025-11-03T05:09:00+00:00","breadcrumb":{"@id":"https:\/\/niemikoti.fi\/en\/otsonpolku-and-the-subletting-office-are-moving-to-new-premises-in-december\/#breadcrumb"},"inLanguage":"en-US","potentialAction":[{"@type":"ReadAction","target":["https:\/\/niemikoti.fi\/en\/otsonpolku-and-the-subletting-office-are-moving-to-new-premises-in-december\/"]}]},{"@type":"ImageObject","inLanguage":"en-US","@id":"https:\/\/niemikoti.fi\/en\/otsonpolku-and-the-subletting-office-are-moving-to-new-premises-in-december\/#primaryimage","url":"https:\/\/niemikoti.fi\/wp-content\/uploads\/2025\/10\/Screenshot-2025-10-30-at-12.36.19.png","contentUrl":"https:\/\/niemikoti.fi\/wp-content\/uploads\/2025\/10\/Screenshot-2025-10-30-at-12.36.19.png","width":1415,"height":853,"caption":"A modern white apartment building with balconies and a landscaped area in front."},{"@type":"BreadcrumbList","@id":"https:\/\/niemikoti.fi\/en\/otsonpolku-and-the-subletting-office-are-moving-to-new-premises-in-december\/#breadcrumb","itemListElement":[{"@type":"ListItem","position":1,"name":"Home","item":"https:\/\/niemikoti.fi\/en\/"},{"@type":"ListItem","position":2,"name":"Otsonpolku and the Subletting Office Are Moving to New Premises in December"}]},{"@type":"WebSite","@id":"https:\/\/niemikoti.fi\/#website","url":"https:\/\/niemikoti.fi\/","name":"Niemikotis\u00e4\u00e4ti\u00f6","description":"Yhdess\u00e4 jo 40 vuotta","publisher":{"@id":"https:\/\/niemikoti.fi\/#organization"},"potentialAction":[{"@type":"SearchAction","target":{"@type":"EntryPoint","urlTemplate":"https:\/\/niemikoti.fi\/?s={search_term_string}"},"query-input":{"@type":"PropertyValueSpecification","valueRequired":true,"valueName":"search_term_string"}}],"inLanguage":"en-US"},{"@type":"Organization","@id":"https:\/\/niemikoti.fi\/#organization","name":"Niemikotis\u00e4\u00e4ti\u00f6","url":"https:\/\/niemikoti.fi\/","logo":{"@type":"ImageObject","inLanguage":"en-US","@id":"https:\/\/niemikoti.fi\/#\/schema\/logo\/image\/","url":"https:\/\/niemikoti.fi\/wp-content\/uploads\/2023\/02\/niemikotilogo40v_vaaka.png","contentUrl":"https:\/\/niemikoti.fi\/wp-content\/uploads\/2023\/02\/niemikotilogo40v_vaaka.png","width":1147,"height":418,"caption":"Niemikotis\u00e4\u00e4ti\u00f6"},"image":{"@id":"https:\/\/niemikoti.fi\/#\/schema\/logo\/image\/"},"sameAs":["https:\/\/www.facebook.com\/niemikoti","https:\/\/www.instagram.com\/niemikoti\/","https:\/\/www.youtube.com\/channel\/UCfo6l7q45CD_derGzEH8XGA"]},{"@type":"Person","@id":"https:\/\/niemikoti.fi\/#\/schema\/person\/31ffd9d2b2b8647bdd96db96286dc06c","name":"Niemikotis\u00e4\u00e4ti\u00f6n viestint\u00e4","image":{"@type":"ImageObject","inLanguage":"en-US","@id":"https:\/\/secure.gravatar.com\/avatar\/408e1c81a50332d703f9ab205319647097a27e0df578c498cabe8e9753b9afb0?s=96&d=blank&r=g","url":"https:\/\/secure.gravatar.com\/avatar\/408e1c81a50332d703f9ab205319647097a27e0df578c498cabe8e9753b9afb0?s=96&d=blank&r=g","contentUrl":"https:\/\/secure.gravatar.com\/avatar\/408e1c81a50332d703f9ab205319647097a27e0df578c498cabe8e9753b9afb0?s=96&d=blank&r=g","caption":"Niemikotis\u00e4\u00e4ti\u00f6n viestint\u00e4"},"description":"Vuonna 1983 perustettu Niemikotis\u00e4\u00e4ti\u00f6 on voittoa tavoittelematon suomalainen verkostoitunut toimija, joka tuottaa monipuolisesti palveluja mielenterveyskuntoutujille. Ehk\u00e4isemme toiminnallamme syrj\u00e4ytymist\u00e4 ja eriarvoisuutta.","url":"https:\/\/niemikoti.fi\/en\/author\/katjalampela\/"}]}},"taxonomy_info":{"category":[{"value":295,"label":"News"},{"value":832,"label":"Residential rehabilitation"}]},"featured_image_src_large":["https:\/\/niemikoti.fi\/wp-content\/uploads\/2025\/10\/Screenshot-2025-10-30-at-12.36.19-1024x617.png",1024,617,true],"author_info":{"display_name":"Niemikotis\u00e4\u00e4ti\u00f6n viestint\u00e4","author_link":"https:\/\/niemikoti.fi\/en\/author\/katjalampela\/"},"comment_info":0,"category_info":[{"term_id":295,"name":"News","slug":"news","term_group":0,"term_taxonomy_id":295,"taxonomy":"category","description":"","parent":0,"count":43,"filter":"raw","cat_ID":295,"category_count":43,"category_description":"","cat_name":"News","category_nicename":"news","category_parent":0},{"term_id":832,"name":"Residential rehabilitation","slug":"residential-rehabilitation","term_group":0,"term_taxonomy_id":832,"taxonomy":"category","description":"","parent":0,"count":4,"filter":"raw","cat_ID":832,"category_count":4,"category_description":"","cat_name":"Residential rehabilitation","category_nicename":"residential-rehabilitation","category_parent":0}],"tag_info":false,"_links":{"self":[{"href":"https:\/\/niemikoti.fi\/en\/wp-json\/wp\/v2\/posts\/48150","targetHints":{"allow":["GET"]}}],"collection":[{"href":"https:\/\/niemikoti.fi\/en\/wp-json\/wp\/v2\/posts"}],"about":[{"href":"https:\/\/niemikoti.fi\/en\/wp-json\/wp\/v2\/types\/post"}],"author":[{"embeddable":true,"href":"https:\/\/niemikoti.fi\/en\/wp-json\/wp\/v2\/users\/2"}],"replies":[{"embeddable":true,"href":"https:\/\/niemikoti.fi\/en\/wp-json\/wp\/v2\/comments?post=48150"}],"version-history":[{"count":2,"href":"https:\/\/niemikoti.fi\/en\/wp-json\/wp\/v2\/posts\/48150\/revisions"}],"predecessor-version":[{"id":48155,"href":"https:\/\/niemikoti.fi\/en\/wp-json\/wp\/v2\/posts\/48150\/revisions\/48155"}],"wp:featuredmedia":[{"embeddable":true,"href":"https:\/\/niemikoti.fi\/en\/wp-json\/wp\/v2\/media\/48149"}],"wp:attachment":[{"href":"https:\/\/niemikoti.fi\/en\/wp-json\/wp\/v2\/media?parent=48150"}],"wp:term":[{"taxonomy":"category","embeddable":true,"href":"https:\/\/niemikoti.fi\/en\/wp-json\/wp\/v2\/categories?post=48150"},{"taxonomy":"post_tag","embeddable":true,"href":"https:\/\/niemikoti.fi\/en\/wp-json\/wp\/v2\/tags?post=48150"},{"taxonomy":"yksikkokategoria","embeddable":true,"href":"https:\/\/niemikoti.fi\/en\/wp-json\/wp\/v2\/yksikkokategoria?post=48150"},{"taxonomy":"sisaltoluokka","embeddable":true,"href":"https:\/\/niemikoti.fi\/en\/wp-json\/wp\/v2\/sisaltoluokka?post=48150"}],"curies":[{"name":"wp","href":"https:\/\/api.w.org\/{rel}","templated":true}]}}